{"id":12688,"date":"2008-04-16T12:40:23","date_gmt":"2008-04-16T10:40:23","guid":{"rendered":"https:\/\/wp.amber.com.pl\/15-seminarium-amberif-2\/"},"modified":"2025-12-07T18:47:41","modified_gmt":"2025-12-07T17:47:41","slug":"15-seminarium-amberif-2","status":"publish","type":"post","link":"https:\/\/amber.com.pl\/en\/aktualnosci\/15-seminarium-amberif-2\/","title":{"rendered":"15. seminarium Amberif (2)"},"content":{"rendered":"<p><strong>Na seminarium XV Amberifu powstanie, rozw\u00f3j i wp\u0142ywy cywilizacyjne tego o\u015brodka obszernie przedstawi\u0142 archeolog Marcin St\u0105porek z biura Wojew\u00f3dzkiego Konserwatora Zabytk\u00f3w w Gda\u0144sku. <\/strong><strong><br \/>\n<\/strong><\/p>\n<p><strong> <\/strong>Rozmieszczenie wa\u017cniejszych o\u015brodk\u00f3w handlowych w rejonie Zatoki Gda\u0144skiej i delty Wis\u0142y, do kt\u00f3rych zmierza\u0142 g\u0142\u00f3wny szlak bursztynowy w okresie cesarstwa rzymskiego na ko\u0144cowym odcinku, od kolana Wis\u0142y pod Fordonem, jest obecnie tematem aktualnym przez analogie do budowanej w nadspodziewanie szybkim tempie drogi A1, zwanej Bursztynow\u0105 Autostrad\u0105. P\u00f3\u0142nocny kraniec tej autostrady le\u017cy na terenie dzisiejszego Pruszcza Gda\u0144skiego, dok\u0142adnie w miejscu gdzie 2000 lat temu funkcjonowa\u0142o jedno z trzech g\u0142\u00f3wnych centr\u00f3w handlu surowcem, a p\u00f3\u017aniej tak\u017ce gotowymi wyrobami z bursztynu, z \u0142aci\u0144ska okre\u015blanych jako <em>commercia<\/em>.<br \/> Korzystne po\u0142o\u017cenie osady na sto\u017cku usypowym rzeki Raduni przy jej uj\u015bciu do laguny, rozpo\u015bcieraj\u0105cej si\u0119 na terenie dzisiejszych \u017bu\u0142aw Wi\u015blanych zapewni\u0142o jej powodzenie ekonomiczne przez kilka pierwszych wiek\u00f3w naszej ery. By\u0142 to jedyny znacz\u0105cy o\u015brodek handlowy na zach\u00f3d od uj\u015bcia Wis\u0142y, sk\u0105d bursztynowy szlak zd\u0105\u017ca\u0142 na pomorskie wybrze\u017ce Ba\u0142tyku.<br \/> Najwyra\u017aniejszym dowodem aktywno\u015bci tego <em>commertium<\/em> s\u0105 importy pochodzenia po\u0142udniowego: wyroby celtyckie z ostatniego wieku przed narodzeniem Chrystusa, monety rzymskie oraz wyroby rzemie\u015blnik\u00f3w pracuj\u0105cych w prowincjach Imperium w wiekach nast\u0119pnych. <br \/> Z up\u0142ywem czasu o\u015brodek pod Pruszczem potrafi\u0142 opanowa\u0107 przetw\u00f3rstwo bursztynu, bowiem zbyt gotowych wyrob\u00f3w i brak obcego po\u015brednictwa przynosi\u0142 znacznie wi\u0119ksze zyski ni\u017c sprzedawanie surowca na lokalnym rynku. Odbiorc\u00f3w wyrob\u00f3w bursztynowych szukano ju\u017c nie tylko w prowincjach Imperium rzymskiego, lecz r\u00f3wnie\u017c na terenie Barbaricum. Tak np. charakterystyczne, masowo produkowane \u00f3semkowate paciorki z bursztynu znajdowane s\u0105 na Pomorzu, ale tak\u017ce w Skandynawii, na Ukrainie, nad Renem, \u015brodkowym Dunajem, w Galii i Brytanii.<br \/> Pr\u00f3b\u0105 nawi\u0105zania do antycznych tradycji handlowych osady u uj\u015bcia Raduni jest stworzony w ostatnich latach przez w\u0142adze Pruszcza Gda\u0144skiego projekt rekonstrukcji osady targowej z okresu wp\u0142yw\u00f3w rzymskich, nazywanej w materia\u0142ach promocyjnych \u201efaktori\u0105 rzymsk\u0105\u201d. <br \/> Nazwa ta niezupe\u0142nie odpowiada rzeczywisto\u015bci, bowiem dawne <em>commertium<\/em> zosta\u0142o utworzone przez przedsi\u0119biorcz\u0105 ludno\u015b\u0107 miejscow\u0105, a kupcy rzymscy byli jedynie jego klientami. <br \/> Udana promocja spowodowa\u0142a zauwa\u017calny wzrost zainteresowania mieszka\u0144c\u00f3w regionu problematyk\u0105 staro\u017cytno\u015bci, co, miejmy nadziej\u0119, zaowocuje w przysz\u0142o\u015bci dalszymi pog\u0142\u0119bionymi studiami nad tymi wa\u017cnymi zagadnieniami.<\/p>","protected":false},"excerpt":{"rendered":"<p>Na seminarium XV Amberifu powstanie, rozw\u00f3j i wp\u0142ywy cywilizacyjne commertium w Pruszczu Gda\u0144skim przedstawi\u0142 archeolog Marcin St\u0105porek z biura Wojew\u00f3dzkiego Konserwatora Zabytk\u00f3w w Gda\u0144sku.<\/p>","protected":false},"author":5,"featured_media":0,"comment_status":"closed","ping_status":"closed","sticky":false,"template":"","format":"standard","meta":{"_acf_changed":false,"slim_seo":{"title":"15. seminarium Amberif (2) - Amber Portal","description":"Na seminarium XV Amberifu powstanie, rozw\u00f3j i wp\u0142ywy cywilizacyjne commertium w Pruszczu Gda\u0144skim przedstawi\u0142 archeolog Marcin St\u0105porek z biura Wojew\u00f3dzkiego Ko"},"footnotes":""},"categories":[120],"tags":[],"sekcja":[],"class_list":["post-12688","post","type-post","status-publish","format-standard","hentry","category-targi"],"acf":[],"_links":{"self":[{"href":"https:\/\/amber.com.pl\/en\/wp-json\/wp\/v2\/posts\/12688","targetHints":{"allow":["GET"]}}],"collection":[{"href":"https:\/\/amber.com.pl\/en\/wp-json\/wp\/v2\/posts"}],"about":[{"href":"https:\/\/amber.com.pl\/en\/wp-json\/wp\/v2\/types\/post"}],"author":[{"embeddable":true,"href":"https:\/\/amber.com.pl\/en\/wp-json\/wp\/v2\/users\/5"}],"replies":[{"embeddable":true,"href":"https:\/\/amber.com.pl\/en\/wp-json\/wp\/v2\/comments?post=12688"}],"version-history":[{"count":0,"href":"https:\/\/amber.com.pl\/en\/wp-json\/wp\/v2\/posts\/12688\/revisions"}],"wp:attachment":[{"href":"https:\/\/amber.com.pl\/en\/wp-json\/wp\/v2\/media?parent=12688"}],"wp:term":[{"taxonomy":"category","embeddable":true,"href":"https:\/\/amber.com.pl\/en\/wp-json\/wp\/v2\/categories?post=12688"},{"taxonomy":"post_tag","embeddable":true,"href":"https:\/\/amber.com.pl\/en\/wp-json\/wp\/v2\/tags?post=12688"},{"taxonomy":"sekcja","embeddable":true,"href":"https:\/\/amber.com.pl\/en\/wp-json\/wp\/v2\/sekcja?post=12688"}],"curies":[{"name":"wp","href":"https:\/\/api.w.org\/{rel}","templated":true}]}}