{"id":12683,"date":"2008-04-14T02:03:23","date_gmt":"2008-04-14T00:03:23","guid":{"rendered":"https:\/\/wp.amber.com.pl\/ankieta-amberif-2008\/"},"modified":"2025-12-07T18:47:41","modified_gmt":"2025-12-07T17:47:41","slug":"ankieta-amberif-2008","status":"publish","type":"post","link":"https:\/\/amber.com.pl\/en\/aktualnosci\/ankieta-amberif-2008\/","title":{"rendered":"Ankieta Amberif 2008"},"content":{"rendered":"<p><strong>Podczas targ\u00f3w organizator przeprowadza\u0142 po\u015br\u00f3d wystawc\u00f3w i kupc\u00f3w ankiety na temat jako\u015bci i ewentualnych zmian w przysz\u0142ych edycjach. Z ich wst\u0119pnej analizy wynika, \u017ce wi\u0119kszo\u015b\u0107 wystawc\u00f3w opowiada si\u0119 za targami zamkni\u0119tymi dla publiczno\u015bci i trwaj\u0105cymi 4 dni. <\/strong><\/p>\n<p> Wystawcy w rozmowach w czasie targ\u00f3w w wi\u0119kszo\u015bci stwierdzali, \u017ce czterodniowe targi s\u0105 wystarczaj\u0105co d\u0142ugie na za\u0142atwienie interes\u00f3w z klientami, d\u0142u\u017csze s\u0105 tylko generowaniem wi\u0119kszych wydatk\u00f3w, kt\u00f3re w przypadku firm zamiejscowych s\u0105 du\u017cym obci\u0105\u017ceniem. Nie bez znaczenia jest fakt pe\u0142nej rejestracji uczestnik\u00f3w targ\u00f3w: ka\u017cdy z wystawc\u00f3w czy kupc\u00f3w ma imienn\u0105 plakietk\u0119 i jest zarejestrowany. Pozwala to tak\u017ce na prowadzenie szczeg\u00f3\u0142owych statystyk i powiadamianiu klient\u00f3w o wszelkich nowo\u015bciach i zmianach. Wi\u0119kszo\u015b\u0107 targ\u00f3w bran\u017cowych na \u015bwiecie ogranicza dost\u0119p dla odwiedzaj\u0105cych, w naszej bran\u017cy bezpiecze\u0144stwo ma niebagatelne znaczenie, a ograniczenie dost\u0119pu do targ\u00f3w jest jego zwi\u0119kszeniem. <\/p>\n<p> Przed kilku laty z du\u017c\u0105 ostro\u017cno\u015bci\u0105 podchodzono do zamykania targ\u00f3w dla niefachowej publiczno\u015bci. Z roku na rok organiczno ilo\u015b\u0107 dni, podczas kt\u00f3rych na targi sprzedawane by\u0142y bilety i wej\u015b\u0107 m\u00f3g\u0142 ka\u017cdy. Jak m\u00f3wi Ewa Racho\u0144, komisarz targ\u00f3w, targi ulegaj\u0105 profesjonalizacji. Fakt, \u017ce wystawcy wymuszaj\u0105 ograniczenie dost\u0119pu odwiedzaj\u0105cych, jest oznak\u0105 dojrzewania rynku i poszukiwania tylko profesjonalnych partner\u00f3w. Dzi\u015b wystawca ma pewno\u015b\u0107, \u017ce rozmawiaj\u0105ca z nim osoba jest przedstawicielem bran\u017cy jubilerskiej, a nie tylko pasjonatem bi\u017cuterii. Ewa Racho\u0144 zapewnia te\u017c, \u017ce niezale\u017cnie od decyzji w sprawie d\u0142ugo\u015bci przysz\u0142ej edycji Amberifu, dla publiczno\u015bci na pewno zostanie otwarty Ambermart. Obecnie targi Amberif trwaj\u0105 5 dni, przy czym ostatni dzie\u0144 jest tradycyjnie otwarty dla publiczno\u015bci, dla kt\u00f3rej sprzedawano bilety. <\/p>\n<p> Organizatorzy zach\u0119caj\u0105 wszystkich wystawc\u00f3w i kupc\u00f3w do wypowiedzenia si\u0119 na nast\u0119puj\u0105ce pytania: <br \/> 1. Targi powinny trwa\u0107 4 czy 5 dni?<br \/> 2. Jaki wariant targ\u00f3w jest najkorzystniejszy dla Pa\u0144stwa firmy:<br \/> &#8211; 4 dni bez dost\u0119pu publiczno\u015bci<br \/> &#8211; 4 dni z ostatnim dniem dla publiczno\u015bci<br \/> &#8211; 5 dni z ostatnim dniem dla publiczno\u015bci<\/p>\n<p> Opinie mo\u017cna przesy\u0142a\u0107 do ko\u0144ca kwietnia na adres amberif@mtgsa.com.pl.<\/p>\n<p> Fot. Amberif<\/p>","protected":false},"excerpt":{"rendered":"<p>Organizator targ\u00f3w Amberif zach\u0119ca wystawc\u00f3w i odwiedzaj\u0105cych do wypowiedzenia si\u0119 na temat d\u0142ugo\u015bci imprezy oraz dost\u0119pu niefachowej publiczno\u015bci.<\/p>","protected":false},"author":4,"featured_media":12652,"comment_status":"closed","ping_status":"closed","sticky":false,"template":"","format":"standard","meta":{"_acf_changed":false,"slim_seo":{"title":"Ankieta Amberif 2008 - Amber Portal","description":"Organizator targ\u00f3w Amberif zach\u0119ca wystawc\u00f3w i odwiedzaj\u0105cych do wypowiedzenia si\u0119 na temat d\u0142ugo\u015bci imprezy oraz dost\u0119pu niefachowej publiczno\u015bci."},"footnotes":""},"categories":[120],"tags":[],"sekcja":[],"class_list":["post-12683","post","type-post","status-publish","format-standard","has-post-thumbnail","hentry","category-targi"],"acf":[],"_links":{"self":[{"href":"https:\/\/amber.com.pl\/en\/wp-json\/wp\/v2\/posts\/12683","targetHints":{"allow":["GET"]}}],"collection":[{"href":"https:\/\/amber.com.pl\/en\/wp-json\/wp\/v2\/posts"}],"about":[{"href":"https:\/\/amber.com.pl\/en\/wp-json\/wp\/v2\/types\/post"}],"author":[{"embeddable":true,"href":"https:\/\/amber.com.pl\/en\/wp-json\/wp\/v2\/users\/4"}],"replies":[{"embeddable":true,"href":"https:\/\/amber.com.pl\/en\/wp-json\/wp\/v2\/comments?post=12683"}],"version-history":[{"count":0,"href":"https:\/\/amber.com.pl\/en\/wp-json\/wp\/v2\/posts\/12683\/revisions"}],"wp:featuredmedia":[{"embeddable":true,"href":"https:\/\/amber.com.pl\/en\/wp-json\/wp\/v2\/media\/12652"}],"wp:attachment":[{"href":"https:\/\/amber.com.pl\/en\/wp-json\/wp\/v2\/media?parent=12683"}],"wp:term":[{"taxonomy":"category","embeddable":true,"href":"https:\/\/amber.com.pl\/en\/wp-json\/wp\/v2\/categories?post=12683"},{"taxonomy":"post_tag","embeddable":true,"href":"https:\/\/amber.com.pl\/en\/wp-json\/wp\/v2\/tags?post=12683"},{"taxonomy":"sekcja","embeddable":true,"href":"https:\/\/amber.com.pl\/en\/wp-json\/wp\/v2\/sekcja?post=12683"}],"curies":[{"name":"wp","href":"https:\/\/api.w.org\/{rel}","templated":true}]}}