{"id":12668,"date":"2008-03-27T11:42:52","date_gmt":"2008-03-27T10:42:52","guid":{"rendered":"https:\/\/wp.amber.com.pl\/lekcja-o-bursztynie-bursztyn-baltycki-swiadek-zycia-sprzed-40-milionow-lat\/"},"modified":"2025-12-07T18:47:41","modified_gmt":"2025-12-07T17:47:41","slug":"lekcja-o-bursztynie-bursztyn-baltycki-swiadek-zycia-sprzed-40-milionow-lat","status":"publish","type":"post","link":"https:\/\/amber.com.pl\/en\/aktualnosci\/lekcja-o-bursztynie-bursztyn-baltycki-swiadek-zycia-sprzed-40-milionow-lat\/","title":{"rendered":"Lekcja o bursztynie: Bursztyn ba\u0142tycki &#8211; \u015bwiadek \u017cycia sprzed 40 milion\u00f3w lat"},"content":{"rendered":"<p><strong>W dniach 2 &#8211; 4 kwietnia dr El\u017cbieta Sontag, Bursztynnik Roku 2007 i Lidia Popiel, Ambasador Bursztynu, spotkaj\u0105 si\u0119 z dzie\u0107mi i m\u0142odzie\u017c\u0105 w miastach le\u017c\u0105cych na szlaku bursztynowym: Kaliszu, Wieluniu i Zgierzu. W programie lekcji o bursztynie przewidziano multimedialn\u0105 prezentacj\u0119 wiedzy bursztynie z pokazami inkluzji oraz pogadank\u0119 Lidii Popiel o modzie na bursztyn.<\/strong><strong><br \/>\n<\/strong><\/p>\n<p><strong> <\/strong>To ju\u017c kolejne lekcje o bursztynie w ramach projektu Ambasador Bursztynu. Pierwsza z nich odby\u0142a si\u0119 7 lutego w Zespole Szk\u00f3\u0142 Og\u00f3lnokszta\u0142c\u0105cych i Zawodowych Nr 1 w Gda\u0144sku- Brze\u017anie. W spotkaniu wzi\u0119\u0142a udzia\u0142 Ewa Kami\u0144ska, zast\u0119pca Prezydenta Gda\u0144ska ds. polityki spo\u0142ecznej. W ramach lekcji o bursztynie wyk\u0142ad przyrodniczy, pt. \u201eBursztyn ba\u0142tycki \u2013 \u015bwiadek \u017cycia sprzed 40 milion\u00f3w lat\u201d wyg\u0142osi\u0142a dr El\u017cbieta Sontag z Katedry Zoologii Bezkr\u0119gowc\u00f3w Uniwersytetu Gda\u0144skiego, kt\u00f3ra w bardzo przyst\u0119pny spos\u00f3b opowiedzia\u0142a uczniom o historii bursztynu, jego odmianach i w\u0142a\u015bciwo\u015bci. W przyst\u0119pny spos\u00f3b obja\u015bni\u0142a im takie fachowe poj\u0119cia jak inkluzja, fosylizacja czy tafocenoza. Co ciekawe, m\u0142odzie\u017c bardzo \u017cywo reagowa\u0142a na pytania zadawane im w trakcie wyk\u0142adu, kt\u00f3ry by\u0142 po\u0142\u0105czony z projekcj\u0105 multimedialn\u0105.<\/p>\n<p> Uczniowie mieli okazj\u0119 zapozna\u0107 si\u0119 z bursztynem ba\u0142tyckim i jego z\u0142o\u017cami oraz zwierz\u0119tami i ro\u015blinami zachowanymi w jego \u017cywicy. Dr El\u017cbieta Sontag wskaza\u0142a gimnazjalistom tak\u017ce na niezwyk\u0142o\u015b\u0107 bursztynu jako materia\u0142u do bada\u0144. Po wyk\u0142adzie przed publiczno\u015bci\u0105 pojawi\u0142a si\u0119 Lidia Popiel, nominowana przez Prezydenta Miasta Gda\u0144ska Paw\u0142a Adamowicza na pierwsz\u0105 Ambasador Bursztynu. Ta znana fotograf i by\u0142a modelka, obecnie prowadz\u0105ca dzia\u0142 mody w \u201ePi\u0105tej Alei\u201d, dodatku do dziennika \u201eRzeczpospolita\u201d, opowiedzia\u0142a m\u0142odzie\u017cy o bursztynowej modzie, prezentuj\u0105c liczne przyk\u0142ady bi\u017cuterii z tym kamieniem. Na zako\u0144czenie spotkania uczniowie wzi\u0119li udzia\u0142 w konkursie wiedzy na temat bursztynu. Nagrodami by\u0142y kawa\u0142ki unikatowego bursztynu z herbem Gda\u0144ska, wykonanym ze srebra. Co ciekawe, wszystkie cztery nagrody przypad\u0142y ch\u0142opcom. Po lekcji wszyscy gimnazjali\u015bci mogli obejrze\u0107 przyk\u0142ady inkluzji i r\u00f3\u017cnorodne odmiany bursztynu zaprezentowane w specjalnych gablotkach, a dziewcz\u0119ta przymierza\u0142y bursztynow\u0105 bi\u017cuteri\u0119 ze szkatu\u0142y Lidii Popiel.<\/p>\n<p> <strong>2 kwietnia (\u015broda) &#8211; Zgierz <\/strong><\/p>\n<p> godz. 10.00- Szko\u0142a podstawowa nr 10, klasy 5 i 6 <br \/> godz. 12.00- Szko\u0142a podstawowa nr 11, klasy 4-6 <\/p>\n<p> <strong>3 kwietnia, czwartek &#8211; Kalisz <\/strong><\/p>\n<p> godz. 9.45- Gimnazjum nr 9 (90 os\u00f3b)<br \/> godz. 16.00- warsztaty dla 30 os\u00f3b w M\u0142odzie\u017cowym Domu Kultury w Wieluniu (dzieci od 10 lat)<\/p>\n<p> <strong>4 kwietnia, pi\u0105tek &#8211; Wielu\u0144<\/strong> <\/p>\n<p> godz. 09.50 &#8211; aula I LO w Wieluniu, ok. 150 os\u00f3b (m\u0142odzie\u017c &#8211; liceali\u015bci)<br \/> godz. 11.50 &#8211; 60 os\u00f3b (liceali\u015bci)<\/p><\/p>","protected":false},"excerpt":{"rendered":"<p>W dniach 2 &#8211; 4 kwietnia dr El\u017cbieta Sontag, Bursztynnik roku 2007 i Lidia Popiel, Ambasador Bursztynu spotkaj\u0105 si\u0119 z dzie\u0107mi i m\u0142odzie\u017c\u0105 w miastach le\u017c\u0105cych na szlaku bursztynowym: Kaliszu, Wieluniu i Zgierzu.<\/p>","protected":false},"author":4,"featured_media":12667,"comment_status":"closed","ping_status":"closed","sticky":false,"template":"","format":"standard","meta":{"_acf_changed":false,"slim_seo":{"title":"Lekcja o bursztynie: Bursztyn ba\u0142tycki - \u015bwiadek \u017cycia sprzed 40 milion\u00f3w lat - Amber Portal","description":"W dniach 2 - 4 kwietnia dr El\u017cbieta Sontag, Bursztynnik roku 2007 i Lidia Popiel, Ambasador Bursztynu spotkaj\u0105 si\u0119 z dzie\u0107mi i m\u0142odzie\u017c\u0105 w miastach le\u017c\u0105cych na"},"footnotes":""},"categories":[120],"tags":[],"sekcja":[],"class_list":["post-12668","post","type-post","status-publish","format-standard","has-post-thumbnail","hentry","category-targi"],"acf":[],"_links":{"self":[{"href":"https:\/\/amber.com.pl\/en\/wp-json\/wp\/v2\/posts\/12668","targetHints":{"allow":["GET"]}}],"collection":[{"href":"https:\/\/amber.com.pl\/en\/wp-json\/wp\/v2\/posts"}],"about":[{"href":"https:\/\/amber.com.pl\/en\/wp-json\/wp\/v2\/types\/post"}],"author":[{"embeddable":true,"href":"https:\/\/amber.com.pl\/en\/wp-json\/wp\/v2\/users\/4"}],"replies":[{"embeddable":true,"href":"https:\/\/amber.com.pl\/en\/wp-json\/wp\/v2\/comments?post=12668"}],"version-history":[{"count":0,"href":"https:\/\/amber.com.pl\/en\/wp-json\/wp\/v2\/posts\/12668\/revisions"}],"wp:featuredmedia":[{"embeddable":true,"href":"https:\/\/amber.com.pl\/en\/wp-json\/wp\/v2\/media\/12667"}],"wp:attachment":[{"href":"https:\/\/amber.com.pl\/en\/wp-json\/wp\/v2\/media?parent=12668"}],"wp:term":[{"taxonomy":"category","embeddable":true,"href":"https:\/\/amber.com.pl\/en\/wp-json\/wp\/v2\/categories?post=12668"},{"taxonomy":"post_tag","embeddable":true,"href":"https:\/\/amber.com.pl\/en\/wp-json\/wp\/v2\/tags?post=12668"},{"taxonomy":"sekcja","embeddable":true,"href":"https:\/\/amber.com.pl\/en\/wp-json\/wp\/v2\/sekcja?post=12668"}],"curies":[{"name":"wp","href":"https:\/\/api.w.org\/{rel}","templated":true}]}}