{"id":12598,"date":"2008-03-12T15:20:39","date_gmt":"2008-03-12T14:20:39","guid":{"rendered":"https:\/\/wp.amber.com.pl\/amberif-rozpoczety\/"},"modified":"2025-12-07T18:47:43","modified_gmt":"2025-12-07T17:47:43","slug":"amberif-rozpoczety","status":"publish","type":"post","link":"https:\/\/amber.com.pl\/en\/aktualnosci\/amberif-rozpoczety\/","title":{"rendered":"Amberif rozpocz\u0119ty"},"content":{"rendered":"<p><strong>Wczoraj rozpocz\u0119\u0142y si\u0119 15. Targi Bursztynu, Bi\u017cuterii i Kamieni Jubilerskich AMBERIF. W trzech halach oraz pawilonie technicznym 478 wystawc\u00f3w z 14 kraj\u00f3w wraz z otwarciem rozpocz\u0119\u0142o rozmowy handlowe z pierwszymi z kilku tysi\u0119cy spodziewanych go\u015bci. Najwi\u0119cej wystawc\u00f3w jest z Polski, kolejnym krajem jest Litwa z 26 wystawcami z bursztynow\u0105 bi\u017cuteri\u0105.<\/strong> <\/p>\n<p>  Uroczyste otwarcie swoj\u0105 obecno\u015bci\u0105 zaszczycili m.in. senator RP Janusz Racho\u0144, wojewoda pomorski Roman Zaborowski, prezydent gda\u0144ska Pawe\u0142 Adamowicz. Izba Bursztynu uhonorowa\u0142a Prezydenta Gda\u0144ska dyplomem za decyzj\u0119 o udost\u0119pnieniu teren\u00f3w miejskich pod poszukiwania bursztynowego surowca, a Pomorska Izba Ma\u0142ych i \u015arednich Przedsi\u0119biorstw wr\u0119czy\u0142a mu medal za dzia\u0142ania na rzecz promocji bursztynu. Warto zauwa\u017cy\u0107, \u017ce Pawe\u0142 Adamowicz zosta\u0142 w ostatnich dniach og\u0142oszony Europejczykiem Roku 2007 w plebiscycie miesi\u0119cznika \u201eMonitor Unii Europejskiej\u201d. <\/p>\n<p> Wyj\u0105tkowe zainteresowanie i zaskoczenie wzbudzi\u0142a makieta stadionu o roboczej nazwie Amber Arena, kt\u00f3ry ma zosta\u0107 wybudowany w Gda\u0144sku na mistrzostwa Euro 2012, wykonana przez Mariusza Drapikowskiego. Ma on sta\u0107 si\u0119 symbolem promuj\u0105cym jednocze\u015bnie mistrzostwa, Gda\u0144sk oraz nierozerwalnie zwi\u0105zany z nim bursztyn. <br \/> Podczas otwarcia sw\u00f3j dar przekazali Adam i Leszek Duli\u0144scy, kt\u00f3rzy wykonali dla Muzeum Bursztynu srebrn\u0105 koron\u0119 zdobion\u0105 ba\u0142tyckim bursztynem. Jest ona wzorowana na koronie z herbarza Gda\u0144ska. \u201eMam zaszczyt przekaza\u0107 gda\u0144skiemu Muzeum Bursztynu koron\u0119 \u2013 srebro z\u0142ocone z bursztynem. Jest to herbowy symbol Gda\u0144ska, symbol jego pot\u0119gi. Mamy nadziej\u0119, \u017ce przyda ona tak\u017ce \u015bwietno\u015bci Muzeum Bursztynu\u201d \u2013 powiedzia\u0142 Adam Duli\u0144ski, przekazuj\u0105c koron\u0119 na r\u0119ce Prezydenta Gda\u0144ska, kt\u00f3ry podobnymi s\u0142owami wyrazi\u0142 nadziej\u0119 na dalszy rozw\u00f3j muzeum i gda\u0144skich tradycji bursztynniczych.<\/p>\n<p> Pierwszy dzie\u0144 targ\u00f3w obfitowa\u0142 w oficjalne spotkania i ustalenia. Podczas konferencji podpisano list intencyjny dotycz\u0105cy powstania Szlaku Bursztynowego i zg\u0142oszenia go do Instytutu Europejskich Szlak\u00f3w Kulturowych, mieszcz\u0105cego si\u0119 w Luksemburgu. Bursztynowy Szlak odwo\u0142uje si\u0119 do staro\u017cytnego szlaku handlowego, kt\u00f3rym przewo\u017cono bursztyn z wybrze\u017ca Ba\u0142tyku do Cesarstwa Rzymskiego. B\u0119dzie to pierwszy w Polsce a siedemnasty w Europie szlak nawi\u0105zuj\u0105cy do dziedzictwa kulturowego naszego kontynentu. Na czerwiec burmistrz Wielunia zapowiada jedn\u0105 z atrakcji, jak\u0105 ma by\u0107 rajd rowerowy bursztynowym szlakiem z litewskiej Pa\u0142angi do Wielunia. <\/p>\n<p> Instytut Bada\u0144 nad Gospodark\u0105 Rynkow\u0105 rozpocz\u0105\u0142 cykl seminari\u00f3w dotycz\u0105cych klastra \u2013Gda\u0144ska Delta Bursztynu. Pierwszym z nich by\u0142a prezentacja stowarzyszenia CORART, pe\u0142ni\u0105cego rol\u0119 klastra jubilerskiego we w\u0142oskiej Vincenzy. Pani Gabriella Centomo, dyrektor stowarzyszenia opowiedzia\u0142a o sposobie funkcjonowania klastra, problemach oraz sposobach, w jaki sobie poradzono, jak r\u00f3wnie\u017c potencjalne korzy\u015bci dla Gda\u0144skiej Delty Bursztynu. Niestety, zainteresowane osoby z bran\u017cy mo\u017cna by\u0142o policzy\u0107 na palcach jednej r\u0119ki. <\/p>\n<figure class=\"wp-block-image alignleft\"><img decoding=\"async\" src=\"https:\/\/amber.com.pl\/wp-content\/uploads\/news\/209_1-f26.jpg\" alt=\"\" class=\"wp-image-12597\"\/><\/figure>\n<p> <strong><\/strong> Targi w tym roku odbywaj\u0105 si\u0119 w trzech halach oraz Pawilonie Technicznym. Nowa, komfortowa hala (numer 3) zdecydowanie podnios\u0142a poziom wystawy. Zmiany wida\u0107 tak\u017ce w systemie zabezpiecze\u0144 targ\u00f3w. Znacznie wi\u0119ksza ilo\u015b\u0107 ochroniarzy oraz skrupulatna kontrola identyfikator\u00f3w w widoczny spos\u00f3b wp\u0142ywa na poczucie bezpiecze\u0144stwa wystawc\u00f3w, cho\u0107 jest odrobin\u0119 uci\u0105\u017cliwa. Jednak, jak powiedzia\u0142 prezes MTG Andrzej Spiker, najwa\u017cniejszych zmian w ochronie nie wida\u0107 i nie mo\u017ce ich zdradzi\u0107. Jednak to chyba nie bezpiecze\u0144stwo jest najwa\u017cniejszym elementem targ\u00f3w, a g\u0142\u00f3wnie na tym koncentruje si\u0119 niestety lokalna prasa.<br \/> Przechodz\u0105c przez hale, zauwa\u017cy\u0107 mo\u017cna przede wszystkim wyra\u017an\u0105 zmian\u0119 w sposobie prezentowania bi\u017cuterii. Coraz wi\u0119cej wystawc\u00f3w k\u0142adzie nacisk na odpowiednio presti\u017cowe pokazanie ekspozycji. Nie jest to ju\u017c jarmarczny handel, jak zdarza\u0142o si\u0119 w latach poprzednich, lecz w wielu przypadkach ciekawie zaprezentowana atrakcyjna bi\u017cuteria. Daje si\u0119 zauwa\u017cy\u0107 tak\u017ce sporo nowego, ciekawego wzornictwa. Wielu wystawc\u00f3w przyznaje si\u0119 do olbrzymich inwestycji w park maszynowy i nowe technologie, co tak\u017ce wida\u0107 w prezentowanej bi\u017cuterii. Jednak nie wszyscy ch\u0119tnie pokazuj\u0105 nowo\u015bci. Na witrynach stoiska S&amp;A Bursztynowa Bi\u017cuteria opr\u00f3cz kilku konkursowych eksponat\u00f3w widniej\u0105 du\u017ce napisy zapraszaj\u0105ce do \u015brodka, by obejrze\u0107 wi\u0119cej nowo\u015bci. W gazecie targowej \u201eAmberif News\u201d potencjalnych kopist\u00f3w wzor\u00f3w straszy firmowy artyku\u0142 \u201ePo si\u00f3dme: Nie kradnij!\u201d. Jak m\u00f3wi S\u0142awomir Fija\u0142kowski z S&amp;A, nie mo\u017ce by\u0107 tak, \u017ceby nieliczne firmy inwestowa\u0142y we wzornictwo, kt\u00f3re potem mo\u017cna zobaczy\u0107 u wielu na\u015bladowc\u00f3w. Poniewa\u017c wzornictwo firmy S&amp;A Bursztynowa Bi\u017cuteria jest od wielu lat, a zw\u0142aszcza w ostatnim okresie, permanentnie na\u015bladowane, firma postanowi\u0142a podda\u0107 je ochronie prawnej i bezwzgl\u0119dnie \u015bciga\u0107 wszystkie przypadki plagiat\u00f3w i nieuczciwej konkurencji. <\/p>\n<p> Fot. Micha\u0142 Kosior<\/p>","protected":false},"excerpt":{"rendered":"<p>11. marca rozpocz\u0119\u0142y si\u0119 15. Targi Bursztynu, Bi\u017cuterii i Kamieni Jubilerskich AMBERIF. W trzech halach oraz pawilonie technicznym 478 wystawc\u00f3w z 14 kraj\u00f3w podj\u0119\u0142o rozmowy handlowe z pierwszymi z kilku tysi\u0119cy spodziewanych go\u015bci.<\/p>","protected":false},"author":4,"featured_media":12596,"comment_status":"closed","ping_status":"closed","sticky":false,"template":"","format":"standard","meta":{"_acf_changed":false,"slim_seo":{"title":"Amberif rozpocz\u0119ty - Amber Portal","description":"11. marca rozpocz\u0119\u0142y si\u0119 15. Targi Bursztynu, Bi\u017cuterii i Kamieni Jubilerskich AMBERIF. W trzech halach oraz pawilonie technicznym 478 wystawc\u00f3w z 14 kraj\u00f3w pod"},"footnotes":""},"categories":[120],"tags":[],"sekcja":[],"class_list":["post-12598","post","type-post","status-publish","format-standard","has-post-thumbnail","hentry","category-targi"],"acf":[],"_links":{"self":[{"href":"https:\/\/amber.com.pl\/en\/wp-json\/wp\/v2\/posts\/12598","targetHints":{"allow":["GET"]}}],"collection":[{"href":"https:\/\/amber.com.pl\/en\/wp-json\/wp\/v2\/posts"}],"about":[{"href":"https:\/\/amber.com.pl\/en\/wp-json\/wp\/v2\/types\/post"}],"author":[{"embeddable":true,"href":"https:\/\/amber.com.pl\/en\/wp-json\/wp\/v2\/users\/4"}],"replies":[{"embeddable":true,"href":"https:\/\/amber.com.pl\/en\/wp-json\/wp\/v2\/comments?post=12598"}],"version-history":[{"count":0,"href":"https:\/\/amber.com.pl\/en\/wp-json\/wp\/v2\/posts\/12598\/revisions"}],"wp:featuredmedia":[{"embeddable":true,"href":"https:\/\/amber.com.pl\/en\/wp-json\/wp\/v2\/media\/12596"}],"wp:attachment":[{"href":"https:\/\/amber.com.pl\/en\/wp-json\/wp\/v2\/media?parent=12598"}],"wp:term":[{"taxonomy":"category","embeddable":true,"href":"https:\/\/amber.com.pl\/en\/wp-json\/wp\/v2\/categories?post=12598"},{"taxonomy":"post_tag","embeddable":true,"href":"https:\/\/amber.com.pl\/en\/wp-json\/wp\/v2\/tags?post=12598"},{"taxonomy":"sekcja","embeddable":true,"href":"https:\/\/amber.com.pl\/en\/wp-json\/wp\/v2\/sekcja?post=12598"}],"curies":[{"name":"wp","href":"https:\/\/api.w.org\/{rel}","templated":true}]}}