{"id":12589,"date":"2008-03-09T22:51:49","date_gmt":"2008-03-09T21:51:49","guid":{"rendered":"https:\/\/wp.amber.com.pl\/amberif-druga-solfuga-w-bursztynie-baltyckim\/"},"modified":"2025-12-07T18:47:43","modified_gmt":"2025-12-07T17:47:43","slug":"amberif-druga-solfuga-w-bursztynie-baltyckim","status":"publish","type":"post","link":"https:\/\/amber.com.pl\/en\/aktualnosci\/amberif-druga-solfuga-w-bursztynie-baltyckim\/","title":{"rendered":"AMBERIF: Druga solfuga w bursztynie ba\u0142tyckim"},"content":{"rendered":"<p><strong>Co roku na targach Amberif w Galerii Paleontologicznej prezentujemy rzadkie w skali \u015bwiata inkluzje zwierz\u0119ce zachowane w bursztynie ba\u0142tyckim. By\u0142y ju\u017c jaszczurki, skorpiony, a w tym roku b\u0119dzie mo\u017cna zobaczy\u0107 paj\u0119czaka z rz\u0119du Solifugae. <br \/> <\/strong><br \/> Solfugi spotykane s\u0105 w klimacie tropikalnym; wsp\u00f3\u0142cze\u015bnie znanych jest ponad 1000 gatunk\u00f3w. Budow\u0105 cia\u0142a przypominaj\u0105 paj\u0105ki, jednak maj\u0105 inaczej zbudowane charakterystyczne szcz\u0119koczu\u0142ki i znaczne d\u0142u\u017csze nogog\u0142aszczki. Na g\u0142owotu\u0142owiu znajduj\u0105 si\u0119 cztery pary d\u0142ugich odn\u00f3\u017cy, a odw\u0142ok jest w\u0105sko po\u0142\u0105czony z g\u0142owotu\u0142owiem. Nale\u017c\u0105 do stosunkowo du\u017cych i szybkich paj\u0119czak\u00f3w, ich d\u0142ugo\u015b\u0107 waha si\u0119 od kilku mm do 6 cm. S\u0105 drapie\u017cne, jednak nie posiadaj\u0105 jadu. <br \/> Paj\u0119czaki nale\u017c\u0105 do do\u015b\u0107 cz\u0119sto znajdowanych w bursztynie stawonog\u00f3w, jednak spo\u015br\u00f3d jedenastu rz\u0119d\u00f3w nale\u017c\u0105cych do tej gromady w bursztynie ba\u0142tyckim znaleziono przedstawicieli sze\u015bciu z nich. Licznie znajdowane s\u0105 roztocza (Acari) i paj\u0105ki (Araneae). Do rzadkich nale\u017c\u0105 zaleszczotki (Pseudoscorpiones) i kosarze (Opiliones). Pozosta\u0142e dwa \u2013 skorpiony (Scorpiones) i solfugi (Solifugae) \u2013 nale\u017c\u0105 do unikat\u00f3w. W 1829 roku zosta\u0142 opisany pierwszy skorpion, jednak do roku 2002 liczba opisanych gatunk\u00f3w zwi\u0119kszy\u0142a si\u0119 zaledwie do siedmiu. Dzisiaj znanych jest 9 okaz\u00f3w (dla por\u00f3wnania: inkluzji jaszczurek znaleziono ponad 10). Pierwsz\u0105 solfug\u0119 opisano w 2003 (Dunlop et al 2003), drugi okaz znaleziono dopiero po 5 latach. Opisany w 2003 roku okaz mia\u0142 zaledwie 4 mm, natomiast prezentowany na tegorocznych targach Amberif jest ponad trzykrotnie wi\u0119kszy i ma prawie 15 mm. Jego cia\u0142o pokryte jest mleczn\u0105 otoczk\u0105, jednak wyra\u017anie wida\u0107 charakterystyczne elementy budowy.  W\u0142a\u015bcicielem okazu jest litewski kolekcjoner Jonas Damzen, kt\u00f3ry co roku jest go\u015bciem Galerii Palentologicznej i prezentuje najciekawsze okazy ze swojej kolekcji. Jest kolekcjonerem, kt\u00f3ry zna zar\u00f3wno warto\u015b\u0107 pieni\u0119\u017cn\u0105, jak i naukow\u0105 znajdowanych inkluzji. W kolekcji Muzeum Inkluzji w Bursztynie znajduj\u0105 si\u0119 104 bry\u0142ki przekazane przez Jonasa, a jeden z okaz\u00f3w Glisachaemus jonasdamzeni SZWEDO, 2007 jest nowy dla nauki. W tym roku go\u015bcie targ\u00f3w b\u0119d\u0105 mieli okazj\u0119 ogl\u0105da\u0107 jednego z 9 skorpion\u00f3w i drug\u0105 solpug\u0119. <\/p>","protected":false},"excerpt":{"rendered":"<p>Co roku na targach Amberif w Galerii Paleontologicznej prezentowane s\u0105 rzadkie w skali \u015bwiata inkluzje zwierz\u0119ce zachowane w bursztynie ba\u0142tyckim &#8211; w tym roku b\u0119dzie mo\u017cna zobaczy\u0107 paj\u0119czaka z rz\u0119du Solifugae.<\/p>","protected":false},"author":1,"featured_media":12588,"comment_status":"closed","ping_status":"closed","sticky":false,"template":"","format":"standard","meta":{"_acf_changed":false,"slim_seo":{"title":"AMBERIF: Druga solfuga w bursztynie ba\u0142tyckim - Amber Portal","description":"Co roku na targach Amberif w Galerii Paleontologicznej prezentowane s\u0105 rzadkie w skali \u015bwiata inkluzje zwierz\u0119ce zachowane w bursztynie ba\u0142tyckim - w tym roku b"},"footnotes":""},"categories":[120],"tags":[],"sekcja":[],"class_list":["post-12589","post","type-post","status-publish","format-standard","has-post-thumbnail","hentry","category-targi"],"acf":[],"_links":{"self":[{"href":"https:\/\/amber.com.pl\/en\/wp-json\/wp\/v2\/posts\/12589","targetHints":{"allow":["GET"]}}],"collection":[{"href":"https:\/\/amber.com.pl\/en\/wp-json\/wp\/v2\/posts"}],"about":[{"href":"https:\/\/amber.com.pl\/en\/wp-json\/wp\/v2\/types\/post"}],"author":[{"embeddable":true,"href":"https:\/\/amber.com.pl\/en\/wp-json\/wp\/v2\/users\/1"}],"replies":[{"embeddable":true,"href":"https:\/\/amber.com.pl\/en\/wp-json\/wp\/v2\/comments?post=12589"}],"version-history":[{"count":0,"href":"https:\/\/amber.com.pl\/en\/wp-json\/wp\/v2\/posts\/12589\/revisions"}],"wp:featuredmedia":[{"embeddable":true,"href":"https:\/\/amber.com.pl\/en\/wp-json\/wp\/v2\/media\/12588"}],"wp:attachment":[{"href":"https:\/\/amber.com.pl\/en\/wp-json\/wp\/v2\/media?parent=12589"}],"wp:term":[{"taxonomy":"category","embeddable":true,"href":"https:\/\/amber.com.pl\/en\/wp-json\/wp\/v2\/categories?post=12589"},{"taxonomy":"post_tag","embeddable":true,"href":"https:\/\/amber.com.pl\/en\/wp-json\/wp\/v2\/tags?post=12589"},{"taxonomy":"sekcja","embeddable":true,"href":"https:\/\/amber.com.pl\/en\/wp-json\/wp\/v2\/sekcja?post=12589"}],"curies":[{"name":"wp","href":"https:\/\/api.w.org\/{rel}","templated":true}]}}