{"id":12535,"date":"2008-02-27T10:17:51","date_gmt":"2008-02-27T09:17:51","guid":{"rendered":"https:\/\/wp.amber.com.pl\/amber-trip-2008\/"},"modified":"2025-12-07T18:47:44","modified_gmt":"2025-12-07T17:47:44","slug":"amber-trip-2008","status":"publish","type":"post","link":"https:\/\/amber.com.pl\/en\/aktualnosci\/amber-trip-2008\/","title":{"rendered":"Amber Trip 2008"},"content":{"rendered":"<p><strong>W czwartek 6 marca rozpoczn\u0105 si\u0119 organizowane po raz pi\u0105ty litewskie Mi\u0119dzynarodowe Ba\u0142tyckie Targi Jubilerskie Amber Trip. Targi, jak co roku, odb\u0119d\u0105 si\u0119 w centrum konferencyjnym hotelu Reval Hotel Lietuva i trwa\u0107 b\u0119d\u0105 a\u017c do niedzieli, 9 marca. <\/strong><\/p>\n<p> Produkty prezentowane na targach to w po\u0142owie wyroby z bursztynu, pozosta\u0142e 50% stanowi\u0105 bi\u017cuteria z\u0142ota, srebrna, z kamieniami, a tak\u017ce per\u0142y. Organizatorzy spodziewaj\u0105 si\u0119 wi\u0119kszej ni\u017c w zesz\u0142ym roku liczby wystawc\u00f3w (w poprzedniej edycji by\u0142o ich 160) oraz kupc\u00f3w. Dla tych ostatnich przygotowano w tym roku specjalny pakiet VIP \u2013 po wcze\u015bniejszej rejestracji kupcy mog\u0105 otrzyma\u0107 mi\u0119dzy innymi zni\u017ck\u0119 na pok\u00f3j hotelowy, gratisowy nocleg, transport z lotniska oraz drobne us\u0142ugi sponsorowane przez targi. <br \/> Pi\u0105ta  edycja targ\u00f3w b\u0119dzie urozmaicona szeregiem wystaw oraz imprez towarzysz\u0105cych. Olegs Auzers z \u0141otwy poka\u017ce wyj\u0105tkowych rozmiar\u00f3w srebrny zamek oraz wykonan\u0105 ze srebra replik\u0119 okr\u0119tu Lataj\u0105cy Holender. Uwe Petersen z Niemiec zaprezentuje najwi\u0119ksze na \u015bwiecie bursztynowe ZOO. Pokazana zostanie najciekawsza cz\u0119\u015b\u0107 z wyj\u0105tkowej kolekcji ponad 400 zwierz\u0105t 200 gatunk\u00f3w wyrze\u017abionych w bursztynie. Polecamy tak\u017ce prezentacj\u0119 Carskosielskiej Pracowni Bursztynowej, kt\u00f3ra wykona\u0142a rekonstrukcj\u0119 wystroju Bursztynowej Komnaty. <br \/> Organizator przyzwyczai\u0142 nas do corocznej gali mody organizowanej w industrialnych wn\u0119trzach gara\u017cu hotelowego, kt\u00f3ra jest wa\u017cnym wydarzeniem nie tylko dla os\u00f3b zainteresowanych bursztynow\u0105 mod\u0105, lecz tak\u017ce dla wielu fotograf\u00f3w gazet modowych i kolorowych magazyn\u00f3w z Wilna. W sobotni\u0105 noc (9 marca) go\u015bcie b\u0119d\u0105 mogli zobaczy\u0107 rekordow\u0105 ilo\u015b\u0107 11 kolekcji projektant\u00f3w z Litwy, \u0141otwy, Estonii oraz Rosji. Tematyka bi\u017cuterii i ubior\u00f3w, kt\u00f3re zosta\u0142y przygotowane specjalnie na t\u0119 okazj\u0119, si\u0119ga od luksusowej klasyki przez odwa\u017cn\u0105 i nowoczesn\u0105 bi\u017cuteri\u0119 a\u017c po elementy humoru. <br \/> \u201eTrwaj chwilo! Jeste\u015b tak pi\u0119kna!\u201d to temat konkursu artystycznego og\u0142oszonego po raz pierwszy, kt\u00f3ry ma od tej pory towarzyszy\u0107 targom. Jego przedmiotem jest szeroko poj\u0119ta bi\u017cuteria z bursztynem. Jury obradowa\u0107 b\u0119dzie podczas trwania targ\u00f3w, a wyniki konkursu zostan\u0105 opublikowane w majowym numerze magazynu \u201eBaltic Jewellery News\u201d, kt\u00f3ry r\u00f3wnie\u017c jest wydawany przez organizatora targ\u00f3w. <\/p>\n<p> <strong>Zapraszamy na stoisko Bursztynowego Portalu amber.com.pl na<\/strong><strong> targach Amber Trip. <\/strong><br \/> <strong> <br \/> Mi\u0119dzynarodowe Ba\u0142tyckie Targi Jubilerskie Amber Trip<br \/> Reval Hotel Lietuva<br \/> Konstitucijos pr. 20, Wilno<br \/> 6 \u2013 9 marca 2008 <\/strong><\/p>\n<p> Zdj\u0119cie: Bursztynowe ZOO Uwe Petersena (Fot.<span style=\"font-family: Arial; font-size: x-small;\"> Nordschmuck GmbH<\/span>)<\/p>","protected":false},"excerpt":{"rendered":"<p>W czwartek 6 marca rozpoczn\u0105 si\u0119 organizowane po raz pi\u0105ty litewskie Mi\u0119dzynarodowe Ba\u0142tyckie Targi Jubilerskie Amber Trip w Wilnie, kt\u00f3re trwa\u0107 b\u0119d\u0105 a\u017c do niedzieli, 9 marca.<\/p>","protected":false},"author":4,"featured_media":12534,"comment_status":"closed","ping_status":"closed","sticky":false,"template":"","format":"standard","meta":{"_acf_changed":false,"slim_seo":{"title":"Amber Trip 2008 - Amber Portal","description":"W czwartek 6 marca rozpoczn\u0105 si\u0119 organizowane po raz pi\u0105ty litewskie Mi\u0119dzynarodowe Ba\u0142tyckie Targi Jubilerskie Amber Trip w Wilnie, kt\u00f3re trwa\u0107 b\u0119d\u0105 a\u017c do nied"},"footnotes":""},"categories":[120],"tags":[],"sekcja":[],"class_list":["post-12535","post","type-post","status-publish","format-standard","has-post-thumbnail","hentry","category-targi"],"acf":[],"_links":{"self":[{"href":"https:\/\/amber.com.pl\/en\/wp-json\/wp\/v2\/posts\/12535","targetHints":{"allow":["GET"]}}],"collection":[{"href":"https:\/\/amber.com.pl\/en\/wp-json\/wp\/v2\/posts"}],"about":[{"href":"https:\/\/amber.com.pl\/en\/wp-json\/wp\/v2\/types\/post"}],"author":[{"embeddable":true,"href":"https:\/\/amber.com.pl\/en\/wp-json\/wp\/v2\/users\/4"}],"replies":[{"embeddable":true,"href":"https:\/\/amber.com.pl\/en\/wp-json\/wp\/v2\/comments?post=12535"}],"version-history":[{"count":0,"href":"https:\/\/amber.com.pl\/en\/wp-json\/wp\/v2\/posts\/12535\/revisions"}],"wp:featuredmedia":[{"embeddable":true,"href":"https:\/\/amber.com.pl\/en\/wp-json\/wp\/v2\/media\/12534"}],"wp:attachment":[{"href":"https:\/\/amber.com.pl\/en\/wp-json\/wp\/v2\/media?parent=12535"}],"wp:term":[{"taxonomy":"category","embeddable":true,"href":"https:\/\/amber.com.pl\/en\/wp-json\/wp\/v2\/categories?post=12535"},{"taxonomy":"post_tag","embeddable":true,"href":"https:\/\/amber.com.pl\/en\/wp-json\/wp\/v2\/tags?post=12535"},{"taxonomy":"sekcja","embeddable":true,"href":"https:\/\/amber.com.pl\/en\/wp-json\/wp\/v2\/sekcja?post=12535"}],"curies":[{"name":"wp","href":"https:\/\/api.w.org\/{rel}","templated":true}]}}