{"id":12496,"date":"2008-02-18T17:28:07","date_gmt":"2008-02-18T16:28:07","guid":{"rendered":"https:\/\/wp.amber.com.pl\/dobre-nastroje-na-targach-inhorgenta-europe\/"},"modified":"2025-12-07T18:47:44","modified_gmt":"2025-12-07T17:47:44","slug":"dobre-nastroje-na-targach-inhorgenta-europe","status":"publish","type":"post","link":"https:\/\/amber.com.pl\/en\/aktualnosci\/dobre-nastroje-na-targach-inhorgenta-europe\/","title":{"rendered":"Dobre nastroje na targach inhorgenta europe"},"content":{"rendered":"<p><strong>Targi inhorgenta europe nie wywo\u0142uj\u0105 w\u015br\u00f3d bursztynnik\u00f3w tak silnych emocji jak poprzedzaj\u0105ca je impreza w Tucson, poniewa\u017c zar\u00f3wno waluta, jak i rynek europejski s\u0105 w przeciwie\u0144stwie do ameryka\u0144skiego do\u015b\u0107 stabilne.<\/strong> <\/p>\n<p> Przede wszystkim dlatego atmosfera na targach jest spokojna, a firmy bursztynnicze nie narzekaj\u0105 na brak zainteresowania ich ofert\u0105. Szczeg\u00f3lnie \u017ce w niemiecka prasa bran\u017cowa po\u015bwi\u0119ci\u0142a sporo miejsca na prezentacj\u0119 bi\u017cuterii bursztynowej, og\u0142aszaj\u0105c nawet trend na bursztyn. Bardzo mi\u0142y akcentem wspieraj\u0105cym promocj\u0119 bursztynu jest r\u00f3wnie\u017c wystawa prac zg\u0142oszonych na konkurs \u201eWsp\u00f3\u0142czesny prezent z bursztynu\u201d, kt\u00f3rego wyniki zosta\u0142y og\u0142oszone w ubieg\u0142ym roku w czasie Dni Zegark\u00f3w i Bi\u017cuterii Midora  Lipsku. <br \/> Trudno jeszcze na p\u00f3\u0142metku targ\u00f3w ocenia\u0107 ich wyniki, ale ju\u017c dzi\u015b mo\u017cna przewidzie\u0107, \u017ce b\u0119d\u0105 one dla wielu firm bursztynniczych udane. G\u0142\u00f3wnym odbiorc\u0105 ich produkt\u00f3w jest rynek niemiecki, cho\u0107 nie brak tak\u017ce kupc\u00f3w z po\u0142udniowej i \u015brodkowej Europy, kt\u00f3rzy w coraz wi\u0119kszym stopniu interesuj\u0105 si\u0119 bursztynem. R\u00f3wnie\u017c inhorgenta zdaje si\u0119 by\u0107 dobrym miejscem prezentacji oferty bursztynniczej, tym bardziej, \u017ce rynek niemiecki zosta\u0142 prawie w ca\u0142o\u015bci zdominowany przez firmy polskie i litewskie. Jak podkre\u015bla Georg Lesniak, bi\u017cuteri\u0119 nim zdobion\u0105 doceniaj\u0105 coraz m\u0142odsze pokolenia, a to za spraw\u0105 zmieniaj\u0105cego si\u0119 i dopasowanego do gust\u00f3w odbiorc\u00f3w wzornictwa. Dodatkowo starsze pokolenia odczuwaj\u0105 pewien sentyment do bursztynu, poniewa\u017c wielu z nich kojarzy si\u0119 on z dawn\u0105 ojczyzn\u0105 czy te\u017c z korzeniami rodzinnymi. Jego zdaniem, na rynku tym znalaz\u0142oby si\u0119 jeszcze odrobin\u0119 miejsca dla nowych firm, jednak musia\u0142oby to by\u0107 okupione znacznymi inwestycjami. W ci\u0105gu ostatnich kilku lat swoj\u0105 pozycj\u0119 umacniaj\u0105 producenci z Litwy, kt\u00f3rzy oferuj\u0105 towar po ni\u017cszych ni\u017c Polacy czy Niemcy cenach. Przewiduje on jednak, \u017ce \u2013 podobnie jak to si\u0119 sta\u0142o w Polsce \u2013 r\u00f3wnie\u017c i na Litwie koszta pracy w nied\u0142ugim czasie wzrosn\u0105 i r\u00f3wnie\u017c one b\u0119d\u0105 musia\u0142y podnie\u015b\u0107 ceny na swe wyroby. <br \/> Generalnie nastroje s\u0105 pozytywne, a wi\u0119kszo\u015b\u0107 wystawc\u00f3w z sektora bursztynniczego zadowolona z ich przebiegu. <\/p>\n<p> Wkr\u00f3tce kolejne informacje na temat targ\u00f3w inhorgenta europe<\/p>","protected":false},"excerpt":{"rendered":"<p>Targi inhorgenta nie wywo\u0142uj\u0105 w\u015br\u00f3d bursztynnik\u00f3w tak silnych emocji jak J.O.G.S. w Tucson, poniewa\u017c zar\u00f3wno waluta, jak i rynek europejski s\u0105 w przeciwie\u0144stwie do ameryka\u0144skiego do\u015b\u0107 stabilne.<\/p>","protected":false},"author":4,"featured_media":12495,"comment_status":"closed","ping_status":"closed","sticky":false,"template":"","format":"standard","meta":{"_acf_changed":false,"slim_seo":{"title":"Dobre nastroje na targach inhorgenta europe - Amber Portal","description":"Targi inhorgenta nie wywo\u0142uj\u0105 w\u015br\u00f3d bursztynnik\u00f3w tak silnych emocji jak J.O.G.S. w Tucson, poniewa\u017c zar\u00f3wno waluta, jak i rynek europejski s\u0105 w przeciwie\u0144stwie"},"footnotes":""},"categories":[120],"tags":[],"sekcja":[],"class_list":["post-12496","post","type-post","status-publish","format-standard","has-post-thumbnail","hentry","category-targi"],"acf":[],"_links":{"self":[{"href":"https:\/\/amber.com.pl\/en\/wp-json\/wp\/v2\/posts\/12496","targetHints":{"allow":["GET"]}}],"collection":[{"href":"https:\/\/amber.com.pl\/en\/wp-json\/wp\/v2\/posts"}],"about":[{"href":"https:\/\/amber.com.pl\/en\/wp-json\/wp\/v2\/types\/post"}],"author":[{"embeddable":true,"href":"https:\/\/amber.com.pl\/en\/wp-json\/wp\/v2\/users\/4"}],"replies":[{"embeddable":true,"href":"https:\/\/amber.com.pl\/en\/wp-json\/wp\/v2\/comments?post=12496"}],"version-history":[{"count":0,"href":"https:\/\/amber.com.pl\/en\/wp-json\/wp\/v2\/posts\/12496\/revisions"}],"wp:featuredmedia":[{"embeddable":true,"href":"https:\/\/amber.com.pl\/en\/wp-json\/wp\/v2\/media\/12495"}],"wp:attachment":[{"href":"https:\/\/amber.com.pl\/en\/wp-json\/wp\/v2\/media?parent=12496"}],"wp:term":[{"taxonomy":"category","embeddable":true,"href":"https:\/\/amber.com.pl\/en\/wp-json\/wp\/v2\/categories?post=12496"},{"taxonomy":"post_tag","embeddable":true,"href":"https:\/\/amber.com.pl\/en\/wp-json\/wp\/v2\/tags?post=12496"},{"taxonomy":"sekcja","embeddable":true,"href":"https:\/\/amber.com.pl\/en\/wp-json\/wp\/v2\/sekcja?post=12496"}],"curies":[{"name":"wp","href":"https:\/\/api.w.org\/{rel}","templated":true}]}}