{"id":12494,"date":"2008-02-15T14:08:11","date_gmt":"2008-02-15T13:08:11","guid":{"rendered":"https:\/\/wp.amber.com.pl\/bursztynowa-kawa-czy-herbata\/"},"modified":"2025-12-07T18:47:44","modified_gmt":"2025-12-07T17:47:44","slug":"bursztynowa-kawa-czy-herbata","status":"publish","type":"post","link":"https:\/\/amber.com.pl\/en\/aktualnosci\/bursztynowa-kawa-czy-herbata\/","title":{"rendered":"Bursztynowa \u201eKawa czy Herbata\u201d"},"content":{"rendered":"<p> Prowadz\u0105cy program \u201eKawa czy Herbata\u201d zapraszaj\u0105 wiele interesuj\u0105cych os\u00f3b. Niejednokrotnie odwiedzali go tr\u00f3jmiejscy bursztynnicy, opowiadaj\u0105c o swoich pracowniach i tworzonej w nich bi\u017cuterii. Jednym z ostatnich go\u015bci by\u0142a Ambasador Bursztynu Lidia Popiel, kt\u00f3ra m\u00f3wi\u0142a o swoich fascynacjach tym kamieniem, roli Ambasadora Bursztynu i wielkiej r\u00f3\u017cnorodno\u015bci bursztynowej bi\u017cuterii, kt\u00f3ra Polkom wcale nie jest tak dobrze znana. <\/p>\n<p> W najbli\u017cszy poniedzia\u0142ek, 18 lutego, go\u015b\u0107mi programu b\u0119d\u0105 Katarzyna oraz Przemys\u0142aw Ku\u015b z rodzinnej firmy Amber Studio ze S\u0142upska. Wyst\u0105pi\u0105 oni w roli ekspert\u00f3w od wyrob\u00f3w z bursztynu, zaprezentuj\u0105 kolekcj\u0119 unikatowych wyrob\u00f3w, w szczeg\u00f3lno\u015bci rze\u017ab. Rze\u017abom oraz bi\u017cuterii przygotowywanej w ich firmie cz\u0119sto towarzyszy heban, kt\u00f3rego barwa oraz twardo\u015b\u0107 stanowi\u0105 kontrast dla bursztynu. Tworz\u0105c swoje ma\u0142e dzie\u0142a, arty\u015bci zawsze u\u017cywaj\u0105 wy\u0142\u0105cznie jednej bry\u0142ki do jednej rze\u017aby. Filigranowe n\u00f3\u017cki ptak\u00f3w czy innych zwierz\u0105t nigdy nie s\u0105 doklejane, co potwierdza wyj\u0105tkowy kunszt rze\u017abiarzy oraz warto\u015b\u0107 wyrob\u00f3w. Po raz kolejny mo\u017cna wi\u0119c b\u0119dzie zobaczy\u0107 artystyczne wyroby z naturalnych bry\u0142ek bursztynu ba\u0142tyckiego, w kt\u00f3rych jego pi\u0119kno ukazuje si\u0119 w najbardziej ciekawej formie. <\/p>\n<p> <strong>Kawa czy Herbata, poniedzia\u0142ek 6.00-8.00 TVP1<\/strong><\/p>\n<p> Fotografie pochodz\u0105 ze strony www.amberstudio.com.pl <\/p>","protected":false},"excerpt":{"rendered":"<p>Dla tych, kt\u00f3rzy w poniedzia\u0142kowy poranek 18 lutego maj\u0105 problem z wyborem, czy kawa czy herbata, proponujemy trzeci\u0105 alternatyw\u0119, tj. koktajl \u015bwie\u017cych i soczystych informacji o bursztynie.<\/p>","protected":false},"author":4,"featured_media":12493,"comment_status":"closed","ping_status":"closed","sticky":false,"template":"","format":"standard","meta":{"_acf_changed":false,"slim_seo":{"title":"Bursztynowa \u201eKawa czy Herbata\u201d - Amber Portal","description":"Dla tych, kt\u00f3rzy w poniedzia\u0142kowy poranek 18 lutego maj\u0105 problem z wyborem, czy kawa czy herbata, proponujemy trzeci\u0105 alternatyw\u0119, tj. koktajl \u015bwie\u017cych i soczys"},"footnotes":""},"categories":[120],"tags":[],"sekcja":[],"class_list":["post-12494","post","type-post","status-publish","format-standard","has-post-thumbnail","hentry","category-targi"],"acf":[],"_links":{"self":[{"href":"https:\/\/amber.com.pl\/en\/wp-json\/wp\/v2\/posts\/12494","targetHints":{"allow":["GET"]}}],"collection":[{"href":"https:\/\/amber.com.pl\/en\/wp-json\/wp\/v2\/posts"}],"about":[{"href":"https:\/\/amber.com.pl\/en\/wp-json\/wp\/v2\/types\/post"}],"author":[{"embeddable":true,"href":"https:\/\/amber.com.pl\/en\/wp-json\/wp\/v2\/users\/4"}],"replies":[{"embeddable":true,"href":"https:\/\/amber.com.pl\/en\/wp-json\/wp\/v2\/comments?post=12494"}],"version-history":[{"count":0,"href":"https:\/\/amber.com.pl\/en\/wp-json\/wp\/v2\/posts\/12494\/revisions"}],"wp:featuredmedia":[{"embeddable":true,"href":"https:\/\/amber.com.pl\/en\/wp-json\/wp\/v2\/media\/12493"}],"wp:attachment":[{"href":"https:\/\/amber.com.pl\/en\/wp-json\/wp\/v2\/media?parent=12494"}],"wp:term":[{"taxonomy":"category","embeddable":true,"href":"https:\/\/amber.com.pl\/en\/wp-json\/wp\/v2\/categories?post=12494"},{"taxonomy":"post_tag","embeddable":true,"href":"https:\/\/amber.com.pl\/en\/wp-json\/wp\/v2\/tags?post=12494"},{"taxonomy":"sekcja","embeddable":true,"href":"https:\/\/amber.com.pl\/en\/wp-json\/wp\/v2\/sekcja?post=12494"}],"curies":[{"name":"wp","href":"https:\/\/api.w.org\/{rel}","templated":true}]}}