{"id":12490,"date":"2008-02-13T21:27:21","date_gmt":"2008-02-13T20:27:21","guid":{"rendered":"https:\/\/wp.amber.com.pl\/bursztyn-w-monachium\/"},"modified":"2025-12-07T18:47:44","modified_gmt":"2025-12-07T17:47:44","slug":"bursztyn-w-monachium","status":"publish","type":"post","link":"https:\/\/amber.com.pl\/en\/aktualnosci\/bursztyn-w-monachium\/","title":{"rendered":"Bursztyn w Monachium"},"content":{"rendered":"<p class=\"MsoNormal\"> Jak podaje organizator, na 35. Mi\u0119dzynarodowych Targach Wyrob\u00f3w Zegarmistrzowskich, Bi\u017cuterii, Kamieni Szlachetnych, Pere\u0142 i Wyrob\u00f3w ze Srebra oraz Technologii inhorgenta europe sw\u0105 ofert\u0119 w sektorze bi\u017cuterii b\u0119dzie prezentowa\u0142o 17 firm. Gros wystawc\u00f3w stanowi\u0105 producenci z Polski i Litwy. Polacy specjalizuj\u0105 si\u0119 w wytw\u00f3rstwie bi\u017cuterii srebrnej i z\u0142otej zdobionej bursztynem, nierzadko w po\u0142\u0105czeniu z innymi kamieniami szlachetnymi czy jubilerskimi, natomiast Litwini w czysto bursztynowej bi\u017cuterii o bardzo charakterystycznym dla tego rodzaju wyrob\u00f3w wzornictwie oraz obiektach u\u017cytkowych z bursztynu. Wiele firm wystawia si\u0119 na targach w Monachium ju\u017c od kilku lat \u2013 dzi\u0119ki stale umacniaj\u0105cej si\u0119 mi\u0119dzynarodowej pozycji tej imprezy znajduj\u0105 oni odbiorc\u00f3w nie tylko na rynku niemieckim. Ze wzgl\u0119du na niepewn\u0105 sytuacj\u0119 finansow\u0105 na rynku ameryka\u0144skim, kt\u00f3ry jest najwi\u0119kszym odbiorc\u0105 bi\u017cuterii bursztynowej, firmy koncentruj\u0105 si\u0119 raczej na targach i klientach europejskich, maj\u0105c nadziej\u0119 na zawarcie kontrakt\u00f3w w euro. <\/p>\n<p> <strong>O wydarzeniach na targach b\u0119dziemy Pa\u0144stwa informowa\u0107 na bie\u017c\u0105co.<\/strong><\/p>","protected":false},"excerpt":{"rendered":"<p>15 lutego rozpoczynaj\u0105 si\u0119 targi inhorgenta europe. Dla wielu polskich i litewskich firm okaza\u0142y si\u0119 ona bardzo dobr\u0105 platform\u0105 prezentacji bi\u017cuterii zdobionej bursztynem.<\/p>","protected":false},"author":4,"featured_media":12489,"comment_status":"closed","ping_status":"closed","sticky":false,"template":"","format":"standard","meta":{"_acf_changed":false,"slim_seo":{"title":"Bursztyn w Monachium - Amber Portal","description":"15 lutego rozpoczynaj\u0105 si\u0119 targi inhorgenta europe. Dla wielu polskich i litewskich firm okaza\u0142y si\u0119 ona bardzo dobr\u0105 platform\u0105 prezentacji bi\u017cuterii zdobionej"},"footnotes":""},"categories":[120],"tags":[],"sekcja":[],"class_list":["post-12490","post","type-post","status-publish","format-standard","has-post-thumbnail","hentry","category-targi"],"acf":[],"_links":{"self":[{"href":"https:\/\/amber.com.pl\/en\/wp-json\/wp\/v2\/posts\/12490","targetHints":{"allow":["GET"]}}],"collection":[{"href":"https:\/\/amber.com.pl\/en\/wp-json\/wp\/v2\/posts"}],"about":[{"href":"https:\/\/amber.com.pl\/en\/wp-json\/wp\/v2\/types\/post"}],"author":[{"embeddable":true,"href":"https:\/\/amber.com.pl\/en\/wp-json\/wp\/v2\/users\/4"}],"replies":[{"embeddable":true,"href":"https:\/\/amber.com.pl\/en\/wp-json\/wp\/v2\/comments?post=12490"}],"version-history":[{"count":0,"href":"https:\/\/amber.com.pl\/en\/wp-json\/wp\/v2\/posts\/12490\/revisions"}],"wp:featuredmedia":[{"embeddable":true,"href":"https:\/\/amber.com.pl\/en\/wp-json\/wp\/v2\/media\/12489"}],"wp:attachment":[{"href":"https:\/\/amber.com.pl\/en\/wp-json\/wp\/v2\/media?parent=12490"}],"wp:term":[{"taxonomy":"category","embeddable":true,"href":"https:\/\/amber.com.pl\/en\/wp-json\/wp\/v2\/categories?post=12490"},{"taxonomy":"post_tag","embeddable":true,"href":"https:\/\/amber.com.pl\/en\/wp-json\/wp\/v2\/tags?post=12490"},{"taxonomy":"sekcja","embeddable":true,"href":"https:\/\/amber.com.pl\/en\/wp-json\/wp\/v2\/sekcja?post=12490"}],"curies":[{"name":"wp","href":"https:\/\/api.w.org\/{rel}","templated":true}]}}