{"id":12484,"date":"2008-02-10T14:03:21","date_gmt":"2008-02-10T13:03:21","guid":{"rendered":"https:\/\/wp.amber.com.pl\/kim-jest-amberman\/"},"modified":"2025-12-07T18:47:44","modified_gmt":"2025-12-07T17:47:44","slug":"kim-jest-amberman","status":"publish","type":"post","link":"https:\/\/amber.com.pl\/en\/aktualnosci\/kim-jest-amberman\/","title":{"rendered":"Kim jest Amberman?"},"content":{"rendered":"<p><strong>Min\u0119\u0142a po\u0142owa targ\u00f3w J.O.G.S. Specjalnie dla portalu amber.com.pl przygotowali\u015bmy wywiad z organizatorem targ\u00f3w Peterem Brodetskym i jego rodzin\u0105 &#8211; w\u0142a\u015bcicielami jednej z najwi\u0119kszych firm zajmuj\u0105cych si\u0119 hurtow\u0105 sprzeda\u017c\u0105 bi\u017cuterii z bursztynem w USA. Od wielu lat odwiedzaj\u0105 oni targi Amberif. <\/strong><strong><br \/>\n<\/strong><\/p>\n<p><strong><\/strong><strong>Kim jest tak naprawd\u0119 Amberman? <\/strong><\/p>\n<p> Amberman nale\u017cy do Petera i jego \u017cony Zhanny, kt\u00f3rzy za\u0142o\u017cyli t\u0119 firm\u0119 dos\u0142ownie na ulicy Nowego Jorku 19 lat temu. Wszystko zacz\u0119\u0142o si\u0119 od ma\u0142ego stolika na rogu Bleeker i McDougal na Manhattanie Peter i Zhanna przyjechali do Nowego Jorku z Ukrainy, aby rozpocz\u0105\u0107 nowe \u017cycie. Up\u0142yn\u0119\u0142o kilka lat i sprzeda\u017c detaliczna przerodzi\u0142a si\u0119 w hurtowni\u0119 o mi\u0119dzynarodowym zasi\u0119gu. \u201eFirma jest nastawiona na rozw\u00f3j i stara si\u0119 zawsze uzupe\u0142nia\u0107 swoj\u0105 kolekcj\u0119 o nowe wzory\u201d \u2013 m\u00f3wi Irena Mayzenberg, c\u00f3rka Petera i Zhanny, odpowiedzialna w Ambermanie za PR. \u201eNasz\u0105 firm\u0119 cechuje r\u00f3\u017cnorodno\u015b\u0107 oferty: pracujemy zar\u00f3wno z projektantami, jak i producentami bi\u017cuterii masowej\u201d. Vitalyi, zi\u0119\u0107 Petera odpowiedzialny za koordynacj\u0119 targ\u00f3w, podkre\u015bla, \u017ce Amberman blisko wsp\u00f3\u0142pracuje r\u00f3wnie\u017c z firmami wystawiaj\u0105cymi si\u0119 na J.O.G.S. w Tucson. Na pytanie o zmiany na ameryka\u0144skim rynku bi\u017cuterii bursztynowej Zhanna (zarz\u0105dzaj\u0105ca w Ambermanie doborem kolekcji) odpowiada: \u201eTo prawda, \u017ce w ci\u0105gu ostatnich kilku lat ceny si\u0119 zmieni\u0142y, ludzie jednak wci\u0105\u017c kupuj\u0105 bursztyn i jest to szansa dla wielu projektant\u00f3w na proponowanie unikatowych i nowatorskich wzor\u00f3w&#8221;. Rodzina Brodetskych optymistycznie widzi przysz\u0142o\u015b\u0107 polskiej bi\u017cuterii z bursztynem: \u201eW ci\u0105gu ostatnich dwudziestu lat polskie wzornictwo zmieni\u0142o si\u0119 nieprawdopodobnie; je\u015bli nadal b\u0119dzie si\u0119 rozwija\u0107 w tym tempie, bardzo mo\u017cliwe \u017ce Polska stanie si\u0119 nied\u0142ugo krajem wiod\u0105cych projektant\u00f3w&#8221;. <\/p>\n<p> <strong> Jak dosz\u0142o do tego, \u017ce w\u0142a\u015bciciel ustabilizowanej firmy podj\u0105\u0142 trudn\u0105 decyzj\u0119 o otwarciu nowej imprezy targowej?<\/strong> Peter Brodetsky doszed\u0142 do wniosku, \u017ce w\u015br\u00f3d bardzo wielu imprez targowych odbywaj\u0105cych si\u0119 w lutym w Tucson, brakuje miejsca specjalizuj\u0105cego si\u0119 w produktach pochodzenia organicznego, takich jak bursztyn, koral i per\u0142y. J.O.G.S. \u2013 Jewelry and Organic Gem Show \u2013 by\u0142 oryginalnym pomys\u0142em, a kolejnym krokiem by\u0142o otwarcie Pawilonu Bursztynowego. \u201eW 2003 roku kupili\u015bmy Tucson Expo Center i dokonali\u015bmy gruntownego remont ubudynku\u201d \u2013 wspomina Irena. \u201eTrzy miesi\u0105ce p\u00f3\u017aniej odby\u0142y si\u0119 pierwsze skromne targi z udzia\u0142em pi\u0119ciu pierwszych polskich firm: Ambermoda, Amber Kewa, Dr Amber, Drabik, Baron oraz Amberman i AmberFest.\u201d Specjaln\u0105 atrakcja pierwszej edycji J.O.G.S. by\u0142a sprowadzona z Petersburga wystawa \u201eAmber Room Museum\u201d, kt\u00f3rej kustoszem jest Boris Igdalov, tw\u00f3rca i dyrektor repliki Bursztynowej Komnaty. Kolejny rok to seria pokaz\u00f3w Ambermody Mariusza Gliwi\u0144skiego. Dzi\u015b J.O.G.S. ma oko\u0142o 30 \u201cbursztynowych\u201d wystawc\u00f3w z Polski, Rosji, Litwy, Hongkongu, Kolumbii i USA.<br \/> Kiedy polscy wystawcy zostali zaproszeni do wzi\u0119cia udzia\u0142u w targach w 2004 roku (dla wielu z nich by\u0142 to pierwszy wyjazd biznesowy do USA), nietrudno by\u0142o przewidzie\u0107 reakcje ameryka\u0144skich hurtownik\u00f3w, zajmuj\u0105cych si\u0119 sprzeda\u017c\u0105 bursztynu. Atmosfera by\u0142a napi\u0119ta, nie zabrak\u0142o nawet list\u00f3w z pogr\u00f3\u017ckami ze strony kupc\u00f3w ameryka\u0144skich. Dzi\u015b wiele z tych du\u017cych firm nadal kupuje polsk\u0105 bi\u017cuteri\u0119, ale ju\u017c na targach J.O.G.S. Przyjazd do Polski jest dla nich o wiele bardziej kosztowny, ni\u017c zakupy w USA. <br \/> Targi Petera Brodetsky&#8217;ego, z liczb\u0105 wystawc\u00f3w przekraczaj\u0105c\u0105 600, maj\u0105 w tej chwili najwi\u0119kszy w USA Pawilon Bursztynowy, najwi\u0119kszy w USA Pawilon Southwest, opr\u00f3cz tego pawilony: Tajski, Meksyka\u0144ski, Indonezyjski, Art decor, &#8220;Gem and mineral&#8221; oraz Nepalski. Dla por\u00f3wnania \u2013 w roku 2004 J.O.G.S. liczy\u0142 30 wystawc\u00f3w i ok. 3000 kupc\u00f3w, a w roku 2007 targi odwiedzi\u0142o 30.000 kupc\u00f3w. \u201eMamy nadziej\u0119 \u017ce przysz\u0142y rok b\u0119dzie jeszcze lepszy i ciekawszy \u2013 my\u015blimy o wzbogaceniu programu targ\u00f3w o kolejne atrakcje, m.in. konkursy dla wystawc\u00f3w\u201d \u2013  m\u00f3wi Irena.<\/p>\n<p> PR Amberman<\/p>\n<p> Na zdj\u0119ciu: Peter Brodetsky (Fot. Ma\u0142gorzata Gliwi\u0144ska)<\/p>","protected":false},"excerpt":{"rendered":"<p>Rozmowa z organizatorem targ\u00f3w J.O.G.S. Peterem Brodetskym i jego rodzin\u0105 &#8211; w\u0142a\u015bcicielami jednej z najwi\u0119kszych firm zajmuj\u0105cych si\u0119 hurtow\u0105 sprzeda\u017c\u0105 bi\u017cuterii z bursztynem w USA.<\/p>","protected":false},"author":5,"featured_media":12483,"comment_status":"closed","ping_status":"closed","sticky":false,"template":"","format":"standard","meta":{"_acf_changed":false,"slim_seo":{"title":"Kim jest Amberman? - Amber Portal","description":"Rozmowa z organizatorem targ\u00f3w J.O.G.S. Peterem Brodetskym i jego rodzin\u0105 - w\u0142a\u015bcicielami jednej z najwi\u0119kszych firm zajmuj\u0105cych si\u0119 hurtow\u0105 sprzeda\u017c\u0105 bi\u017cuterii"},"footnotes":""},"categories":[120],"tags":[],"sekcja":[],"class_list":["post-12484","post","type-post","status-publish","format-standard","has-post-thumbnail","hentry","category-targi"],"acf":[],"_links":{"self":[{"href":"https:\/\/amber.com.pl\/en\/wp-json\/wp\/v2\/posts\/12484","targetHints":{"allow":["GET"]}}],"collection":[{"href":"https:\/\/amber.com.pl\/en\/wp-json\/wp\/v2\/posts"}],"about":[{"href":"https:\/\/amber.com.pl\/en\/wp-json\/wp\/v2\/types\/post"}],"author":[{"embeddable":true,"href":"https:\/\/amber.com.pl\/en\/wp-json\/wp\/v2\/users\/5"}],"replies":[{"embeddable":true,"href":"https:\/\/amber.com.pl\/en\/wp-json\/wp\/v2\/comments?post=12484"}],"version-history":[{"count":0,"href":"https:\/\/amber.com.pl\/en\/wp-json\/wp\/v2\/posts\/12484\/revisions"}],"wp:featuredmedia":[{"embeddable":true,"href":"https:\/\/amber.com.pl\/en\/wp-json\/wp\/v2\/media\/12483"}],"wp:attachment":[{"href":"https:\/\/amber.com.pl\/en\/wp-json\/wp\/v2\/media?parent=12484"}],"wp:term":[{"taxonomy":"category","embeddable":true,"href":"https:\/\/amber.com.pl\/en\/wp-json\/wp\/v2\/categories?post=12484"},{"taxonomy":"post_tag","embeddable":true,"href":"https:\/\/amber.com.pl\/en\/wp-json\/wp\/v2\/tags?post=12484"},{"taxonomy":"sekcja","embeddable":true,"href":"https:\/\/amber.com.pl\/en\/wp-json\/wp\/v2\/sekcja?post=12484"}],"curies":[{"name":"wp","href":"https:\/\/api.w.org\/{rel}","templated":true}]}}