{"id":12472,"date":"2008-02-06T00:28:50","date_gmt":"2008-02-05T23:28:50","guid":{"rendered":"https:\/\/wp.amber.com.pl\/amberif-2007-wyniki-ankiety\/"},"modified":"2025-12-07T18:47:45","modified_gmt":"2025-12-07T17:47:45","slug":"amberif-2007-wyniki-ankiety","status":"publish","type":"post","link":"https:\/\/amber.com.pl\/en\/aktualnosci\/amberif-2007-wyniki-ankiety\/","title":{"rendered":"Amberif 2007 &#8211; wyniki ankiety"},"content":{"rendered":"<figure class=\"wp-block-image alignright\"><img decoding=\"async\" src=\"https:\/\/amber.com.pl\/wp-content\/uploads\/news\/175_2-412.jpg\" alt=\"\" class=\"wp-image-12471\"\/><\/figure>\n<p> Mi\u0119dzynarodowe Targi Bursztynu, Bi\u017cuterii i Kamieni Jubilerskich Amberif 2007 odwiedzi\u0142o w ci\u0105gu pierwszych czterech dni ok. 6500 kupc\u00f3w, w tym ok. 1500 zagranicznych z 40 kraj\u00f3w \u015bwiata. Najwi\u0119kszy procentowo udzia\u0142 mieli kupcy z Niemiec (15%), Wielkiej Brytanii (14%), Litwy (10%), Stan\u00f3w Zjednoczonych (8%), W\u0142och (6%), Rosji oraz Francji (po 5%). Pojawili si\u0119 tam tak\u017ce Hiszpanie, Ukrai\u0144cy, Czesi, Kanadyjczycy (po 3%) oraz Grecy, Austriacy, Du\u0144czycy, Szwedzi, Esto\u0144czycy, Australijczycy (po 2%) i W\u0119grzy (1%). Na pozosta\u0142e kraje przypada 9%. Reprezentowali oni przede wszystkim sektor produkcji (34%), handel hurtowy (24%) oraz us\u0142ugi (20%). Znacznie mniejszy by\u0142 udzia\u0142 eksporter\u00f3w (5%), importer\u00f3w i handlu detalicznego (po 3%). Wa\u017cne jest to, \u017ce w 74 procentach odwiedzaj\u0105cymi byli sami w\u0142a\u015bciciele firm; tylko 13% stanowi\u0142a kadra kierownicza, 4% sprzedawcy i 3% projektanci zatrudnieni w firmach. Po\u0142owa z nich jako g\u0142\u00f3wny cel swojej wizyty podawa\u0142a poszukiwanie dostawc\u00f3w, niespe\u0142na \u00bc poszukiwanie nowo\u015bci, a prawie 1\/5 podtrzymanie kontakt\u00f3w handlowych. Przedmiotem ich zainteresowania by\u0142a bi\u017cuteria z bursztynem (62%), co potwierdza wiod\u0105c\u0105 rol\u0119 sektora bursztynowego. Tylko 15% zdeklarowa\u0142o zainteresowanie bi\u017cuteri\u0105 srebrn\u0105, z\u0142ot\u0105 i bursztynow\u0105 \u2013 6%, maszynami i narz\u0119dziami \u2013 5%, kamieniami jubilerskimi \u2013 4%, per\u0142ami \u2013 3%, opakowaniami \u2013 2%, a sztuk\u0105 u\u017cytkow\u0105 \u2013 1% (inne \u2013 2%). O targach dowiaduj\u0105 si\u0119 oni przede wszystkim z zaproszenia od organizatora (35%) lub wystawcy (25%), z reklamy w mediach i informacji wsp\u00f3\u0142pracuj\u0105cych instytucji bran\u017cowych (po 11%), z Internetu (7%) oraz jako efekt spotkania na innych targach (5%) (inne \u2013 6%). <br \/> Nieco zaskakuj\u0105ce w \u015bwietle decyzji o wyd\u0142u\u017ceniu targ\u00f3w Amberif mog\u0105 si\u0119 wydawa\u0107 odpowiedzi ankietowanych na pytanie o planowany czas pobytu: a\u017c 37% z nich na pobyt na targach przeznaczy\u0142o w ubieg\u0142ym roku tylko jeden dzie\u0144! Dwa dni zdecydowa\u0142o si\u0119 zosta\u0107 29%, 3 dni \u2013 19%, 4 dni \u2013 7%, 5 dni \u2013 tylko 6% (d\u0142u\u017cej \u2013 2%). Ewa Racho\u0144, komisarz targ\u00f3w Amberif, wyja\u015bni\u0142a to nast\u0119puj\u0105co: \u201eMy wcze\u015bniej nie wiemy, w kt\u00f3ry dzie\u0144, czy te\u017c w kt\u00f3re dni, kupcy przyjad\u0105. A skoro otrzymujemy od nich sygna\u0142y, \u017ce cztery dni targ\u00f3w \u2013 bo w ostatni dzie\u0144 kupcy pojawiaj\u0105 si\u0119 na targach sporadycznie \u2013 to za kr\u00f3tko, to w imi\u0119 dalszego rozwoju zar\u00f3wno samej imprezy, jak i bran\u017cy musimy tak\u0105 opcj\u0119 przetestowa\u0107.\u201d <br \/> By\u0107 mo\u017ce powy\u017csze deklaracje maj\u0105 pewien zwi\u0105zek z faktem, \u017ce odwiedzaj\u0105cy nie do ko\u0144ca wiedz\u0105, czego si\u0119 po tych targach spodziewa\u0107: dla 22% z nich ubieg\u0142oroczna wizyta na Amberifie by\u0142a pierwsz\u0105, a 39% odwiedzi\u0142o imprez\u0119 przed rokiem 2004. 21% wzi\u0119\u0142o w niej udzia\u0142 w 2006 roku, 7% w 2005 i 11% w 2004. Jednocze\u015bnie mo\u017ce to \u015bwiadczy\u0107 o tym, \u017ce rotacja kupc\u00f3w na Amberifie jest do\u015b\u0107 du\u017ca i \u017ce starzy klienci jednak powracaj\u0105 g\u0142\u00f3wnie w poszukiwaniu atrakcyjnej bi\u017cuterii zdobionej bursztynem. Oby w tym roku magia bursztynu znowu zadzia\u0142a\u0142a! <\/p>\n<p> Fot. Amberif<\/p>","protected":false},"excerpt":{"rendered":"<p>Zbli\u017caj\u0105 si\u0119 targi Amberif 2008, a my na chwil\u0119 chcieliby\u015bmy jeszcze wr\u00f3ci\u0107 do ich poprzedniej edycji i zaprezentowa\u0107 Pa\u0144stwu wyniki ankiety przeprowadzonej w\u015br\u00f3d zarejestrowanych kupc\u00f3w.<\/p>","protected":false},"author":4,"featured_media":12470,"comment_status":"closed","ping_status":"closed","sticky":false,"template":"","format":"standard","meta":{"_acf_changed":false,"slim_seo":{"title":"Amberif 2007 - wyniki ankiety - Amber Portal","description":"Zbli\u017caj\u0105 si\u0119 targi Amberif 2008, a my na chwil\u0119 chcieliby\u015bmy jeszcze wr\u00f3ci\u0107 do ich poprzedniej edycji i zaprezentowa\u0107 Pa\u0144stwu wyniki ankiety przeprowadzonej w\u015br"},"footnotes":""},"categories":[120],"tags":[],"sekcja":[],"class_list":["post-12472","post","type-post","status-publish","format-standard","has-post-thumbnail","hentry","category-targi"],"acf":[],"_links":{"self":[{"href":"https:\/\/amber.com.pl\/en\/wp-json\/wp\/v2\/posts\/12472","targetHints":{"allow":["GET"]}}],"collection":[{"href":"https:\/\/amber.com.pl\/en\/wp-json\/wp\/v2\/posts"}],"about":[{"href":"https:\/\/amber.com.pl\/en\/wp-json\/wp\/v2\/types\/post"}],"author":[{"embeddable":true,"href":"https:\/\/amber.com.pl\/en\/wp-json\/wp\/v2\/users\/4"}],"replies":[{"embeddable":true,"href":"https:\/\/amber.com.pl\/en\/wp-json\/wp\/v2\/comments?post=12472"}],"version-history":[{"count":0,"href":"https:\/\/amber.com.pl\/en\/wp-json\/wp\/v2\/posts\/12472\/revisions"}],"wp:featuredmedia":[{"embeddable":true,"href":"https:\/\/amber.com.pl\/en\/wp-json\/wp\/v2\/media\/12470"}],"wp:attachment":[{"href":"https:\/\/amber.com.pl\/en\/wp-json\/wp\/v2\/media?parent=12472"}],"wp:term":[{"taxonomy":"category","embeddable":true,"href":"https:\/\/amber.com.pl\/en\/wp-json\/wp\/v2\/categories?post=12472"},{"taxonomy":"post_tag","embeddable":true,"href":"https:\/\/amber.com.pl\/en\/wp-json\/wp\/v2\/tags?post=12472"},{"taxonomy":"sekcja","embeddable":true,"href":"https:\/\/amber.com.pl\/en\/wp-json\/wp\/v2\/sekcja?post=12472"}],"curies":[{"name":"wp","href":"https:\/\/api.w.org\/{rel}","templated":true}]}}