{"id":12276,"date":"2007-09-21T01:29:38","date_gmt":"2007-09-20T23:29:38","guid":{"rendered":"https:\/\/wp.amber.com.pl\/bursztyn-na-targach-macef\/"},"modified":"2025-12-07T18:47:49","modified_gmt":"2025-12-07T17:47:49","slug":"bursztyn-na-targach-macef","status":"publish","type":"post","link":"https:\/\/amber.com.pl\/en\/aktualnosci\/bursztyn-na-targach-macef\/","title":{"rendered":"Bursztyn na targach Macef"},"content":{"rendered":"<p><strong>Na targach Macef w Mediolanie w pawilonie 4 tym roku obecna by\u0142a silna grupa firm oferuj\u0105cych bi\u017cuteri\u0119 z bursztynem m.in. Art7 (reprezentant Marenord), Berkwiat, Amberline, Ambersil i Arti Ambra. <\/strong><\/p>\n<figure class=\"wp-block-image alignright\"><img decoding=\"async\" width=\"250\" height=\"166\" src=\"https:\/\/amber.com.pl\/wp-content\/uploads\/news\/97_2-683.jpg\" alt=\"\" class=\"wp-image-12275\"\/><\/figure>\n<p>Niekt\u00f3re firmy wystawiaj\u0105 si\u0119 na targach Macef od lat i \u2013 jak deklaruj\u0105 \u2013 zainteresowanie bi\u017cuteri\u0105 z bursztynem nie s\u0142abnie. W\u0142osi poszukuj\u0105 przede wszystkim ciekawej r\u0119cznej pracy i pi\u0119knego bursztynu. Coraz wi\u0119ksze znaczenie przyk\u0142adaj\u0105 do pochodzenia bursztynu \u2013 w\u0142a\u015bnie dlatego producenci z Polski s\u0105 dla nich najbardziej wiarygodni.<br \/>\nW\u015br\u00f3d wystawc\u00f3w pawilon\u00f3w 2 i 4 jak co roku organizowano konkurs The Best of Ornamenta \u201eCostume Jewellery Academy Awards\u201d \u2013 spo\u015br\u00f3d wszystkich zg\u0142oszonych prac zostaje wybranych 21, a do fina\u0142u przechodzi tylko 7 z nich. W\u015br\u00f3d 21 prac wytypowanych przez mi\u0119dzynarodowe jury znalaz\u0142a si\u0119 kolia \u201eStalaktyt\u201d autorstwa Macieja Rozenberga z Art7 (zg\u0142oszona do konkursu przez reprezentanta Marenord). Kolia ta zdoby\u0142a na tegorocznych targach Amberif wyr\u00f3\u017cnienie w kategorii wzornictwo w konkursie <a href=\"https:\/\/amber.com.pl\/index.php?option=com_content&amp;view=article&amp;id=1607&amp;catid=86\">Mercurius Gedanensis<\/a>. <br \/>\nJesienna edycja Mi\u0119dzynarodowych Targ\u00f3w Wyposa\u017cenia Domu, Upomink\u00f3w, Bi\u017cuterii i Mody Macef mia\u0142a miejsce w dniach 7-10 wrze\u015bnia 2007. Tematyka targ\u00f3w zwi\u0105zana jest z dekoracj\u0105 sto\u0142u, kuchni\u0105, elementami dekoracyjnymi ze srebra, elementami wyposa\u017cenia wn\u0119trz, materia\u0142ami i dekoracjami \u015bwi\u0105tecznymi, artyku\u0142ami upominkowymi, wyrobami jubilerskimi oraz akcesoriami mody.<\/p>\n<p><strong>More information: <\/strong><br \/>\n<a href=\"http:\/\/www.macef.it\" target=\"_blank\" rel=\"noopener noreferrer nofollow\">Macef<\/a><\/p>","protected":false},"excerpt":{"rendered":"<p>Na targach Macef w Mediolanie tym roku obecna by\u0142a silna grupa firm z Polski oferuj\u0105cych bi\u017cuteri\u0119 z bursztynem m.in. Art7, Berkwiat, Amberline, Ambersil, Jubilex i Arti Ambra.<\/p>","protected":false},"author":1,"featured_media":12274,"comment_status":"closed","ping_status":"closed","sticky":false,"template":"","format":"standard","meta":{"_acf_changed":false,"slim_seo":{"title":"Bursztyn na targach Macef - Amber Portal","description":"Na targach Macef w Mediolanie tym roku obecna by\u0142a silna grupa firm z Polski oferuj\u0105cych bi\u017cuteri\u0119 z bursztynem m.in. Art7, Berkwiat, Amberline, Ambersil, Jubil"},"footnotes":""},"categories":[120],"tags":[],"sekcja":[],"class_list":["post-12276","post","type-post","status-publish","format-standard","has-post-thumbnail","hentry","category-targi"],"acf":[],"_links":{"self":[{"href":"https:\/\/amber.com.pl\/en\/wp-json\/wp\/v2\/posts\/12276","targetHints":{"allow":["GET"]}}],"collection":[{"href":"https:\/\/amber.com.pl\/en\/wp-json\/wp\/v2\/posts"}],"about":[{"href":"https:\/\/amber.com.pl\/en\/wp-json\/wp\/v2\/types\/post"}],"author":[{"embeddable":true,"href":"https:\/\/amber.com.pl\/en\/wp-json\/wp\/v2\/users\/1"}],"replies":[{"embeddable":true,"href":"https:\/\/amber.com.pl\/en\/wp-json\/wp\/v2\/comments?post=12276"}],"version-history":[{"count":0,"href":"https:\/\/amber.com.pl\/en\/wp-json\/wp\/v2\/posts\/12276\/revisions"}],"wp:featuredmedia":[{"embeddable":true,"href":"https:\/\/amber.com.pl\/en\/wp-json\/wp\/v2\/media\/12274"}],"wp:attachment":[{"href":"https:\/\/amber.com.pl\/en\/wp-json\/wp\/v2\/media?parent=12276"}],"wp:term":[{"taxonomy":"category","embeddable":true,"href":"https:\/\/amber.com.pl\/en\/wp-json\/wp\/v2\/categories?post=12276"},{"taxonomy":"post_tag","embeddable":true,"href":"https:\/\/amber.com.pl\/en\/wp-json\/wp\/v2\/tags?post=12276"},{"taxonomy":"sekcja","embeddable":true,"href":"https:\/\/amber.com.pl\/en\/wp-json\/wp\/v2\/sekcja?post=12276"}],"curies":[{"name":"wp","href":"https:\/\/api.w.org\/{rel}","templated":true}]}}