{"id":12253,"date":"2007-09-06T22:06:48","date_gmt":"2007-09-06T20:06:48","guid":{"rendered":"https:\/\/wp.amber.com.pl\/targi-ambermart-rozpoczete\/"},"modified":"2025-12-07T18:47:49","modified_gmt":"2025-12-07T17:47:49","slug":"targi-ambermart-rozpoczete","status":"publish","type":"post","link":"https:\/\/amber.com.pl\/en\/aktualnosci\/targi-ambermart-rozpoczete\/","title":{"rendered":"Targi Ambermart rozpocz\u0119te"},"content":{"rendered":"<p><strong>Czwartek 6 wrze\u015bnia br. to pierwszy dzie\u0144 8. Mi\u0119dzynarodowych Targ\u00f3w Bursztynu Ambermart. W ofercie wystawc\u00f3w dominuje bi\u017cuteria z bursztynu oraz zdobiona kamieniami jubilerskimi. <br \/> <\/strong><br \/>  W tej edycji imprezy sw\u0105 ofert\u0119 prezentuje 150 wystawc\u00f3w, w tym zagraniczni z Litwy, Rumunii i W\u0142och. Ambermart to targi uzupe\u0142niaj\u0105ce, stwarzaj\u0105ce kupcom mo\u017cliwo\u015b\u0107 uzupe\u0142nienia zapas\u00f3w przed okresem \u015bwi\u0105tecznym. S\u0105 znacznie mniejsze ni\u017c marcowy Amberif \u2013 oferta jest prezentowana w do\u015b\u0107 spokojnej atmosferze tylko na parterze Hali Bursztynowej. <br \/> Na uroczysto\u015bci otwarcia obecni byli przedstawiciele lokalnych w\u0142adz: wicewojewoda pomorski Aleksandra Jankowska, kt\u00f3ra \u017cyczy\u0142a wystawcom wielu udanych transakcji, oraz wiceprezydent Gda\u0144ska Marcin Szpak, kt\u00f3ry poinformowa\u0142, \u017ce w dniu otwarcia Ambermartu w\u0142adze miasta podpisa\u0142y og\u0142oszenie o przetargu na rozpoznanie z\u0142\u00f3\u017c i eksploatacj\u0119 bursztynu na pierwszej cz\u0119\u015bci dzia\u0142ek nale\u017c\u0105cych do gminy. Pozytywn\u0105 wiadomo\u015bci\u0105, jest tak\u017ce ta o budowie \u201e\u015awiatowej Stolicy Bursztynu w Gda\u0144sku\u201d \u2013 inwestycja warta 12,2 mln euro w znakomitej wi\u0119kszo\u015bci (10,37 mln euro) zostanie sfinansowana ze \u015brodk\u00f3w unijnych. <br \/> Najwa\u017cniejszymi wydarzeniami pierwszego dnia targ\u00f3w by\u0142o og\u0142oszenie wynik\u00f3w i wr\u0119czenie nagr\u00f3d w konkursie Amber_Web na najlepsz\u0105 stron\u0119 internetow\u0105 wystawcy targ\u00f3w Ambermart oraz spotkanie uczestnik\u00f3w klastra \u201eBursztynowa Delta\u201d. W ramach Warsztat\u00f3w Bursztynowych trwaj\u0105 prace nad ko\u0144cowym wyklejaniem Bursztynowego Koguta &#8211; by\u0142 on g\u0142\u00f3wn\u0105 atrakcj\u0105 tegorocznych S\u0142onecznych Warsztat\u00f3w Bursztynu. <\/p>\n<p> Foto: Ambermart<\/p>","protected":false},"excerpt":{"rendered":"<p>Czwartek 6 wrze\u015bnia br. to pierwszy dzie\u0144 8. Mi\u0119dzynarodowych Targ\u00f3w Bursztynu Ambermart. W ofercie wystawc\u00f3w dominuje bi\u017cuteria z bursztynu oraz zdobiona kamieniami jubilerskimi.<\/p>","protected":false},"author":4,"featured_media":12252,"comment_status":"closed","ping_status":"closed","sticky":false,"template":"","format":"standard","meta":{"_acf_changed":false,"slim_seo":{"title":"Targi Ambermart rozpocz\u0119te - Amber Portal","description":"Czwartek 6 wrze\u015bnia br. to pierwszy dzie\u0144 8. Mi\u0119dzynarodowych Targ\u00f3w Bursztynu Ambermart. W ofercie wystawc\u00f3w dominuje bi\u017cuteria z bursztynu oraz zdobiona kamie"},"footnotes":""},"categories":[120],"tags":[],"sekcja":[],"class_list":["post-12253","post","type-post","status-publish","format-standard","has-post-thumbnail","hentry","category-targi"],"acf":[],"_links":{"self":[{"href":"https:\/\/amber.com.pl\/en\/wp-json\/wp\/v2\/posts\/12253","targetHints":{"allow":["GET"]}}],"collection":[{"href":"https:\/\/amber.com.pl\/en\/wp-json\/wp\/v2\/posts"}],"about":[{"href":"https:\/\/amber.com.pl\/en\/wp-json\/wp\/v2\/types\/post"}],"author":[{"embeddable":true,"href":"https:\/\/amber.com.pl\/en\/wp-json\/wp\/v2\/users\/4"}],"replies":[{"embeddable":true,"href":"https:\/\/amber.com.pl\/en\/wp-json\/wp\/v2\/comments?post=12253"}],"version-history":[{"count":0,"href":"https:\/\/amber.com.pl\/en\/wp-json\/wp\/v2\/posts\/12253\/revisions"}],"wp:featuredmedia":[{"embeddable":true,"href":"https:\/\/amber.com.pl\/en\/wp-json\/wp\/v2\/media\/12252"}],"wp:attachment":[{"href":"https:\/\/amber.com.pl\/en\/wp-json\/wp\/v2\/media?parent=12253"}],"wp:term":[{"taxonomy":"category","embeddable":true,"href":"https:\/\/amber.com.pl\/en\/wp-json\/wp\/v2\/categories?post=12253"},{"taxonomy":"post_tag","embeddable":true,"href":"https:\/\/amber.com.pl\/en\/wp-json\/wp\/v2\/tags?post=12253"},{"taxonomy":"sekcja","embeddable":true,"href":"https:\/\/amber.com.pl\/en\/wp-json\/wp\/v2\/sekcja?post=12253"}],"curies":[{"name":"wp","href":"https:\/\/api.w.org\/{rel}","templated":true}]}}