{"id":12223,"date":"2007-08-06T01:22:58","date_gmt":"2007-08-05T23:22:58","guid":{"rendered":"https:\/\/wp.amber.com.pl\/ambermart-2007\/"},"modified":"2025-12-07T18:47:49","modified_gmt":"2025-12-07T17:47:49","slug":"ambermart-2007","status":"publish","type":"post","link":"https:\/\/amber.com.pl\/en\/aktualnosci\/ambermart-2007\/","title":{"rendered":"Ambermart 2007"},"content":{"rendered":"<figure class=\"wp-block-image alignright\"><img decoding=\"async\" width=\"169\" height=\"254\" src=\"https:\/\/amber.com.pl\/wp-content\/uploads\/news\/78_1-cd2.jpg\" alt=\"\" class=\"wp-image-12222\"\/><\/figure>\n<p> Impreza jest pomy\u015blana jako komplementarna w stosunku do Amberifu, a jej celem jest stworzenie kupcom mo\u017cliwo\u015bci uzupe\u0142nienia zapas\u00f3w i dokonania zakup\u00f3w przed gor\u0105cym okresem bo\u017conarodzeniowym. Ich pierwsza edycja liczy\u0142a zaledwie kilkudziesi\u0119ciu wystawc\u00f3w, natomiast ostatnia ju\u017c 149 firm z trzech kraj\u00f3w: Polski, Litwy i Niemiec. Czas pokaza\u0142, \u017ce t\u0119tni\u0105cy \u017cyciem pomorski region jubilersko-bursztynniczy chce by\u0107 gospodarzem mi\u0119dzynarodowego forum kontakt\u00f3w z handlowcami dwa razy w roku.   <br \/> Zakres tematyczny targ\u00f3w obejmuje bursztyn, bi\u017cuteri\u0119 srebrn\u0105 i z\u0142ot\u0105 z bursztynem oraz obiekty i przedmioty wykonane z tej \u017cywicy. W 2006 roku <a href=\"http:\/\/www.ambermart.pl\" target=\"_blank\" rel=\"noopener noreferrer nofollow\">Ambermart<\/a> odwiedzi\u0142o 3346 os\u00f3b zwi\u0105zanych z bran\u017c\u0105, w tym kupcy zagraniczni z 32 kraj\u00f3w, g\u0142\u00f3wnie z Niemiec i Wielkiej Brytanii. <br \/> Na targach Ambermart obowi\u0105zuje zakaz wystawiania namiastek i falsyfikat\u00f3w bursztynu, a bursztyn inny ni\u017c ba\u0142tycki lub \u017cywice kopalne z r\u00f3\u017cnych rejon\u00f3w \u015bwiata, jak r\u00f3wnie\u017c bursztyn prasowany musz\u0105 by\u0107 wyra\u017anie i czytelnie oznakowane w witrynach w j\u0119zyku polskim i angielskim. Decyzja ta zosta\u0142a podj\u0119ta na wniosek komisji rzeczoznawc\u00f3w <a href=\"https:\/\/amber.com.pl\/en\/miedzynarodowe-stowarzyszenie-bursztynnikow\/\">Mi\u0119dzynarodowego Stowarzyszenia Bursztynnik\u00f3w<\/a> i ma na celu dba\u0142o\u015b\u0107 o dobre imi\u0119 zar\u00f3wno targ\u00f3w Ambermart, jak i wszystkich wystawc\u00f3w. Wzorem lat ubieg\u0142ych podczas targ\u00f3w b\u0119dzie funkcjonowa\u0142o Laboratorium Bursztynu, w kt\u00f3rym Komisja Rzeczoznawc\u00f3w Mi\u0119dzynarodowego Stowarzyszenia Bursztynnik\u00f3w przeprowadza na \u017cyczenie klienta identyfikacj\u0119 zakupionego bursztynu. <br \/> Nowo\u015bci\u0105 jest organizowany po raz pierwszy konkurs Amber_Web na najlepsz\u0105 stron\u0119 internetow\u0105 wystawcy targ\u00f3w Ambermart. <\/p>\n<p> <strong>PROGRAM TARG\u00d3W:<\/strong><strong><br \/>\n<\/strong><\/p>\n<p><strong> 6 wrze\u015bnia, czwartek, 10.00 &#8211; 18.00<\/strong><br \/> 11.00 \u2013 Otwarcie targ\u00f3w\t<br \/> Wr\u0119czenie nagr\u00f3d w konkursie Amber_Web na najlepsz\u0105 stron\u0119 internetow\u0105<br \/> 11.30 \u2013 Konferencja prasowa \u2013 biuro prasowe (hala 5) <br \/> 12.30 \u2013&nbsp; Klaster Bursztynowa Delta \u2013 spotkanie grupy roboczej ds. edukacji i kszta\u0142cenia zasob\u00f3w ludzkich moderowane przez Instytut Bada\u0144 nad Gospodark\u0105 Rynkow\u0105 i Pomorski Urz\u0105d Marsza\u0142kowski (sala seminaryjna na antresoli)<br \/> 14.00 \u2013 Losowanie nagr\u00f3d w Konkursie Publiczno\u015bci na naj\u0142adniejszy komplet bi\u017cuterii z bursztynem (hala 5)<br \/> 20.00\t\u2013 Na Bursztynowym Szlaku (impreza zamkni\u0119ta dla kupc\u00f3w i wystawc\u00f3w; SFINKS ul. Powsta\u0144c\u00f3w Warszawy 17, Sopot)<\/p>\n<p> <strong>7 wrze\u015bnia, pi\u0105tek, 10.00 &#8211; 18.00<\/strong><br \/> 14.00 \u2013 Integracja dzia\u0142a\u0144 turystycznych na historycznym szlaku bursztynowym od Ba\u0142tyku do Adriatyku \u2013 seminarium pod patronatem Gda\u0144skiej Organizacji Turystycznej: <br \/> * Dziedzictwo bursztynowe jako produkt turystyczny \u2013 dr Tomasz Studzieniecki, Akademia Morska w &nbsp;&nbsp;&nbsp; Gdyni; <br \/> * Szlak Bursztynowy \u2013 droga Polski do Europy \u2013 Ryszard Toczek, Stowarzyszenie Miast Autostrady &nbsp;&nbsp;&nbsp; Bursztynowej; <br \/> * Rowerowy szlak bursztynowy Eurovelo \u2013 Krystyna Hartenberger-Pater, Pomorska Regionalna &nbsp;&nbsp;&nbsp; Organizacja Turystyczna; <br \/> * Gda\u0144sk: \u015awiatowa Stolica Bursztynu jako produkt turystyczny \u2013 Robert Pytlos, Urz\u0105d Miasta &nbsp;&nbsp;&nbsp; Gda\u0144ska;<br \/> * Integracja dzia\u0142a\u0144 wykorzystuj\u0105cych bursztyn w turystyce \u2013 Bogdan Donke, Orbis Travel. <br \/> (sala seminaryjna na antresoli)<br \/> 14.00 \u2013 Losowanie nagr\u00f3d w Konkursie Publiczno\u015bci na naj\u0142adniejszy komplet bi\u017cuterii z bursztynem (hala 5)<br \/> 20.00 \u2013 Jazz z Rud\u0105 Mari\u0105 \u2013 koncert Wandy Staroniewicz i Trio Wojciecha Staroniewicza (Pub Kinski, ul. Ko\u015bciuszki 10, Sopot)<br \/> <strong><br \/> 8 wrze\u015bnia, sobota 10.00 &#8211; 17.00<\/strong><br \/> 13.00 \u2013 Losowanie nagr\u00f3d i og\u0142oszenie wynik\u00f3w Konkursu Publiczno\u015bci na naj\u0142adniejszy komplet bi\u017cuterii z bursztynem (hala 5)<\/p>\n<p> <strong>Targom towarzysz\u0105:<\/strong><br \/> &#8211; Laboratorium Bursztynu \u2013 identyfikacja bursztynu prowadzona przez Komisj\u0119 Rzeczoznawc\u00f3w <a href=\"https:\/\/amber.com.pl\/en\/miedzynarodowe-stowarzyszenie-bursztynnikow\/\">Mi\u0119dzynarodowego Stowarzyszenia Bursztynnik\u00f3w<\/a> oraz Politechnik\u0119 Gda\u0144sk\u0105;\t<br \/> &#8211; Wystawa inkluzji ro\u015blinnych i zwierz\u0119cych w bursztynie \u2013 przygotowana przez <a href=\"https:\/\/amber.com.pl\/en\/muzeum-inkluzji-w-bursztynie\/\">Museum of Inclusion in Amber<\/a> przy Uniwersytecie Gda\u0144skim;\t<br \/> &#8211; Galeria Projektant\u00f3w \u2013 bi\u017cuteria autorska prezentowana przez artyst\u00f3w plastyk\u00f3w; <br \/> &#8211; zapowied\u017a wystawy archeologicznej w Muzeum Zamkowym w Malborku; <br \/> &#8211; Koty Bursztynowe \u2013 wystawa fotogram\u00f3w i bursztyn\u00f3w Barbary Gronu\u015b-Dutko;<br \/> &#8211; Warsztaty Bursztynowe \u2013 wsp\u00f3lne prace wyko\u0144czeniowe przy Bursztynowym Kogucie, symbolu Jarmarku \u015bw. Dominika;<br \/> &#8211; Wystawa wsp\u00f3\u0142czesnych prac z bursztynu powstaj\u0105cych w pracowni w Carskim Siole;<br \/> &#8211; \u015aladami bursztynowych kupc\u00f3w \u2013 fotografie z w\u0119dr\u00f3wki Miros\u0142awy Stroi\u0144skiej dawnymi szlakami bursztynowymi; <br \/> &#8211; Galeria sztuki \u2013 malarstwo, rysunek, grafika, ceramika;  <br \/> &#8211; Per a Paris \u2013 Pary\u017c w rysunkach Pera Dahlberga, szwedzkiego malarza i rysownika mieszkaj\u0105cego w Sopocie.<\/p>\n<p> <strong>Zaproszenie specjalne:<\/strong> <br \/> Bursztyn i astronomia \u2013 Mi\u0119dzynarodowe Biennale Bursztynu we Fromborku na wystawie pokonkursowej w Galerii Ambermoda Danuty i Mariusza Gliwi\u0144skich (ul. Grunwaldzka 12-16 Sopot)<\/p>\n<p> <strong>Miejsce: <\/strong>Mi\u0119dzynarodowe Targi Gda\u0144skie, ul. Beniowskiego 5, Gda\u0144sk<br \/> <strong>Termin:<\/strong> 6-8 wrze\u015bnia 2007<br \/> <strong>Organiser:<\/strong> Mi\u0119dzynarodowe Targi Gda\u0144skie SA <\/p>\n<p> <strong>Kontakt:<\/strong><br \/> Ewa Racho\u0144 \u2013 komisarz targ\u00f3w<br \/> tel. 058\/ 55 49 134, faks 058\/ 55 49 207 <br \/> Ma\u0142gorzata Dopiera\u0142a \u2013 komisarz techniczny <br \/> tel. 058\/ 55 49 338, faks 058\/ 55 49 207 <br \/> amberif@mtgsa.com.pl<\/p>\n<p> Foto: Ambermart<\/p>","protected":false},"excerpt":{"rendered":"<p>Mi\u0119dzynarodowe Targi Bursztynu Ambermart odb\u0119d\u0105 si\u0119 w tym roku po raz \u00f3smy w dniach 6-8 wrze\u015bnia w centrum targowym przy ul. Beniowskiego w Gda\u0144sku.<\/p>","protected":false},"author":4,"featured_media":12221,"comment_status":"closed","ping_status":"closed","sticky":false,"template":"","format":"standard","meta":{"_acf_changed":false,"slim_seo":{"title":"Ambermart 2007 - Amber Portal","description":"Mi\u0119dzynarodowe Targi Bursztynu Ambermart odb\u0119d\u0105 si\u0119 w tym roku po raz \u00f3smy w dniach 6-8 wrze\u015bnia w centrum targowym przy ul. Beniowskiego w Gda\u0144sku."},"footnotes":""},"categories":[120],"tags":[],"sekcja":[],"class_list":["post-12223","post","type-post","status-publish","format-standard","has-post-thumbnail","hentry","category-targi"],"acf":[],"_links":{"self":[{"href":"https:\/\/amber.com.pl\/en\/wp-json\/wp\/v2\/posts\/12223","targetHints":{"allow":["GET"]}}],"collection":[{"href":"https:\/\/amber.com.pl\/en\/wp-json\/wp\/v2\/posts"}],"about":[{"href":"https:\/\/amber.com.pl\/en\/wp-json\/wp\/v2\/types\/post"}],"author":[{"embeddable":true,"href":"https:\/\/amber.com.pl\/en\/wp-json\/wp\/v2\/users\/4"}],"replies":[{"embeddable":true,"href":"https:\/\/amber.com.pl\/en\/wp-json\/wp\/v2\/comments?post=12223"}],"version-history":[{"count":0,"href":"https:\/\/amber.com.pl\/en\/wp-json\/wp\/v2\/posts\/12223\/revisions"}],"wp:featuredmedia":[{"embeddable":true,"href":"https:\/\/amber.com.pl\/en\/wp-json\/wp\/v2\/media\/12221"}],"wp:attachment":[{"href":"https:\/\/amber.com.pl\/en\/wp-json\/wp\/v2\/media?parent=12223"}],"wp:term":[{"taxonomy":"category","embeddable":true,"href":"https:\/\/amber.com.pl\/en\/wp-json\/wp\/v2\/categories?post=12223"},{"taxonomy":"post_tag","embeddable":true,"href":"https:\/\/amber.com.pl\/en\/wp-json\/wp\/v2\/tags?post=12223"},{"taxonomy":"sekcja","embeddable":true,"href":"https:\/\/amber.com.pl\/en\/wp-json\/wp\/v2\/sekcja?post=12223"}],"curies":[{"name":"wp","href":"https:\/\/api.w.org\/{rel}","templated":true}]}}