{"id":12128,"date":"2007-04-30T20:40:15","date_gmt":"2007-04-30T18:40:15","guid":{"rendered":"https:\/\/wp.amber.com.pl\/5-dni-targow-amberif\/"},"modified":"2025-12-07T18:47:51","modified_gmt":"2025-12-07T17:47:51","slug":"5-dni-targow-amberif","status":"publish","type":"post","link":"https:\/\/amber.com.pl\/en\/aktualnosci\/5-dni-targow-amberif\/","title":{"rendered":"5 dni targ\u00f3w Amberif"},"content":{"rendered":"<p> 10 maja br. z inicjatywy Mi\u0119dzynarodowych Targ\u00f3w Gda\u0144skich, organizatora targ\u00f3w Amberif, odby\u0142o si\u0119 spotkanie konsultant\u00f3w targ\u00f3w, w kt\u00f3rym uczestniczyli tak\u017ce przedstawiciele wsp\u00f3\u0142pracuj\u0105cych organizacji bursztynniczych.&nbsp; Dyskutowane by\u0142y wa\u017cne dla przysz\u0142o\u015bci i kszta\u0142tu imprezy zagadnienia, dotycz\u0105ce w istotnym stopniu ca\u0142ego \u015brodowiska bursztynniczego i jubilerskiego. <br \/> Najwa\u017cniejsze tematy to: <br \/> <strong>&#8211;\tczas trwania kolejnej edycji:<\/strong><br \/> Rada Konsultant\u00f3w zdecydowa\u0142a, \u017ce targi Amberif w 2008 roku b\u0119d\u0105 trwa\u0142y \u2013 podobnie jak w tym roku \u2013 5 dni. Wprawdzie z ankiety wynika, \u017ce wystawcy w zdecydowanej wi\u0119kszo\u015bci opowiedzieli si\u0119 za skr\u00f3ceniem imprezy do 4 dni, ale jednocze\u015bnie wiadomo, \u017ce dla wielu z nich by\u0142y to najlepsze targi. Oczywi\u015bcie trudno oszacowa\u0107, na ile przyczyni\u0142o si\u0119 do tego wyd\u0142u\u017cenie targ\u00f3w o jeden dzie\u0144, ale konsultanci uznali, \u017ce warto przed\u0142u\u017cy\u0107 ten \u201eeksperyment\u201d o kolejny rok. Decyduj\u0105ce okaza\u0142y si\u0119 w tej kwestii g\u0142osy kupc\u00f3w, kt\u00f3rzy podkre\u015blali komfort kontraktacji i zakup\u00f3w oraz mo\u017cliwo\u015b\u0107 nawi\u0105zania kontakt\u00f3w handlowych z nowymi firmami w czasie pi\u0119ciodniowej imprezy. Ankietowani opowiedzieli si\u0119 tak\u017ce za przesuni\u0119ciem targ\u00f3w o jeden dzie\u0144, tak aby ko\u0144czy\u0142y si\u0119 w sobot\u0119 \u2013 wniosek ten zosta\u0142 poparty przez komisj\u0119. Kolejne targi Amberif odb\u0119d\u0105 si\u0119 w dniach 11-15 marca 2008. <br \/> <strong>&#8211;\tnowa hala:<\/strong><br \/> Nowa hala o powierzchni 3.300 m<sup>2<\/sup> brutto ma by\u0107 oddana do u\u017cytku 8. wrze\u015bnia 2007 roku i jako pierwsze odb\u0119d\u0105 si\u0119 tam w pa\u017adzierniku targi kolejowe Trako. Organizator ma \u015bwiadomo\u015b\u0107, \u017ce w niedalekiej \u2013 acz niestety bli\u017cej nieokre\u015blonej przysz\u0142o\u015bci \u2013 Mi\u0119dzynarodowe Targi Gda\u0144skie b\u0119d\u0105 zmienia\u0107 lokalizacj\u0119, dlatego w\u0142a\u015bnie wiele rozwi\u0105za\u0144 jest tymczasowych. I tak hala b\u0119dzie mia\u0142a konstrukcj\u0119 skr\u0119can\u0105, media b\u0119d\u0105 doprowadzone g\u00f3r\u0105, wszystkie hale b\u0119d\u0105 po\u0142\u0105czone ze sob\u0105 jedynie namiotowymi korytarzami. Z tego powodu pal\u0105cy problem parkingowy r\u00f3wnie\u017c nie zostanie rozwi\u0105zany ostatecznie; co wi\u0119cej, nowa hala zajmie cz\u0119\u015b\u0107 dotychczasowych teren\u00f3w parkingowych, dlatego organizator przysposobi do tego celu nale\u017c\u0105c\u0105 do miasta dzia\u0142k\u0119 w s\u0105siedztwie Teren\u00f3w Targowych i w razie potrzeby zadba o inne prowizoryczne rozwi\u0105zania. Aby w tych utrudnionych warunkach usprawni\u0107 roz\u0142adunek i za\u0142adunek przed rozpocz\u0119ciem i po zako\u0144czeniu targ\u00f3w, czas parkowania b\u0119dzie ograniczony, a przy wje\u017adzie b\u0119dzie pobierana kaucja. <br \/> Zaproponowano tak\u017ce wst\u0119pne rozmieszczenie wystawc\u00f3w w halach w czasie nast\u0119pnej edycji targ\u00f3w Amberif. I tak w nowej hali (numer 3) zlokalizowane zostan\u0105 firmy jubilerskie i bursztynnicze, w hali 5 (Bursztynowej) nic si\u0119 nie zmieni, tzn. pozostan\u0105 firmy bursztynnicze i Galeria Projektant\u00f3w, natomiast w hali 4 (Z\u0142ota) wystawcy z sektora maszynowego i narz\u0119dziowego oraz cz\u0119\u015bciowo jubilerskiego. Jednak ostateczna decyzja w tej sprawie zostanie podj\u0119ta po wybudowaniu obiektu.  <br \/> <strong>&#8211;\tsprawozdanie z prac Komisji Wsp\u00f3lnej ds. Kontroli Bursztynu: <\/strong><br \/> Wies\u0142aw Gier\u0142owski zda\u0142 relacj\u0119 z prac komisji, podkre\u015blaj\u0105c, \u017ce dzi\u0119ki wprowadzeniu odpowiednich obostrze\u0144 w regulaminie targ\u00f3w prawie ca\u0142kowicie uda\u0142o si\u0119 wyeliminowa\u0107 kopal (od 2005 roku wprowadzono zakaz wystawiania kopalu i wyrob\u00f3w z niego wykonanych) oraz namiastki bursztynu (patrz: <em>Jasne zasady Amberifu<\/em>). Rada Konsultant\u00f3w przychyli\u0142a si\u0119 do wniosku Komisji ds. Kontroli Bursztynu i podj\u0119\u0142a decyzj\u0119 o wykluczeniu \u2013 pocz\u0105tkowo na rok, ale z mo\u017cliwo\u015bci\u0105 przed\u0142u\u017cenia tego okresu, je\u015bli firmy nadal nie b\u0119d\u0105 przestrzega\u0107 regulaminu \u2013 dw\u00f3ch wystawc\u00f3w tegorocznego Amberifu, na kt\u00f3rych stoisku znaleziono kopal oraz wyroby z bursztynu prasowanego oferowane jako naturalny. <br \/> Wies\u0142aw Gier\u0142owski zaakcentowa\u0142 r\u00f3wnie\u017c problem nadmiernego udzia\u0142u spoiw syntetycznych w kamieniach jubilerskich i gotowych wyrobach, kt\u00f3re nazbyt cz\u0119sto s\u0105 u\u017cywane do wype\u0142niania luk mi\u0119dzy poszczeg\u00f3lnymi elementami bursztynowymi. Zagadnieniem tym ma si\u0119 zaj\u0105\u0107 Mi\u0119dzynarodowe Stowarzyszenie Bursztynnik\u00f3w. <br \/> Ponadto dyskutowano r\u00f3wnie\u017c na temat ochrony imprezy w \u015bwietle incydentu z kradzie\u017c\u0105 diament\u00f3w, ograniczenia dost\u0119pu publiczno\u015bci w dni zarezerwowane dla fachowc\u00f3w oraz niedoci\u0105gni\u0119\u0107 organizacyjnych.<\/p>","protected":false},"excerpt":{"rendered":"<p>Rada Konsultant\u00f3w Targ\u00f3w Amberif na spotkaniu w dniu 10 maja br. zdecydowa\u0142a, \u017ce nast\u0119pna edycja Mi\u0119dzynarodowych Targ\u00f3w Bursztynu, Bi\u017cuterii i Kamieni Jubilerskich Amberif b\u0119dzie trwa\u0142a 5 dni.<\/p>","protected":false},"author":4,"featured_media":12127,"comment_status":"closed","ping_status":"closed","sticky":false,"template":"","format":"standard","meta":{"_acf_changed":false,"slim_seo":{"title":"5 dni targ\u00f3w Amberif - Amber Portal","description":"Rada Konsultant\u00f3w Targ\u00f3w Amberif na spotkaniu w dniu 10 maja br. zdecydowa\u0142a, \u017ce nast\u0119pna edycja Mi\u0119dzynarodowych Targ\u00f3w Bursztynu, Bi\u017cuterii i Kamieni Jubilers"},"footnotes":""},"categories":[120],"tags":[],"sekcja":[],"class_list":["post-12128","post","type-post","status-publish","format-standard","has-post-thumbnail","hentry","category-targi"],"acf":[],"_links":{"self":[{"href":"https:\/\/amber.com.pl\/en\/wp-json\/wp\/v2\/posts\/12128","targetHints":{"allow":["GET"]}}],"collection":[{"href":"https:\/\/amber.com.pl\/en\/wp-json\/wp\/v2\/posts"}],"about":[{"href":"https:\/\/amber.com.pl\/en\/wp-json\/wp\/v2\/types\/post"}],"author":[{"embeddable":true,"href":"https:\/\/amber.com.pl\/en\/wp-json\/wp\/v2\/users\/4"}],"replies":[{"embeddable":true,"href":"https:\/\/amber.com.pl\/en\/wp-json\/wp\/v2\/comments?post=12128"}],"version-history":[{"count":0,"href":"https:\/\/amber.com.pl\/en\/wp-json\/wp\/v2\/posts\/12128\/revisions"}],"wp:featuredmedia":[{"embeddable":true,"href":"https:\/\/amber.com.pl\/en\/wp-json\/wp\/v2\/media\/12127"}],"wp:attachment":[{"href":"https:\/\/amber.com.pl\/en\/wp-json\/wp\/v2\/media?parent=12128"}],"wp:term":[{"taxonomy":"category","embeddable":true,"href":"https:\/\/amber.com.pl\/en\/wp-json\/wp\/v2\/categories?post=12128"},{"taxonomy":"post_tag","embeddable":true,"href":"https:\/\/amber.com.pl\/en\/wp-json\/wp\/v2\/tags?post=12128"},{"taxonomy":"sekcja","embeddable":true,"href":"https:\/\/amber.com.pl\/en\/wp-json\/wp\/v2\/sekcja?post=12128"}],"curies":[{"name":"wp","href":"https:\/\/api.w.org\/{rel}","templated":true}]}}