{"id":12121,"date":"2007-04-27T02:01:56","date_gmt":"2007-04-27T00:01:56","guid":{"rendered":"https:\/\/wp.amber.com.pl\/jantar-baltiki-2007\/"},"modified":"2025-12-07T18:47:52","modified_gmt":"2025-12-07T17:47:52","slug":"jantar-baltiki-2007","status":"publish","type":"post","link":"https:\/\/amber.com.pl\/en\/aktualnosci\/jantar-baltiki-2007\/","title":{"rendered":"Jantar Ba\u0142tiki 2007"},"content":{"rendered":"<p><strong>W dniach 12-14.04.2007 w Kaliningradzie odby\u0142y si\u0119 po raz sz\u00f3sty targi Jantar Ba\u0142tiki, organizowane przez kaliningradzk\u0105 sp\u00f3\u0142k\u0119 akcyjn\u0105 Baltic-Expo przy wsparciu organizacyjnym i pomocy finansowej w\u0142adz Okr\u0119gu Kaliningradzkiego, a nawet w\u0142adz centralnych Federacji Rosyjskiej.<\/strong> <\/p>\n<p> W imprezie wzi\u0119li udzia\u0142 producenci z Kaliningradu (20), Jantarnego i okolic (11), zamkni\u0119tego dla cudzoziemc\u00f3w Ba\u0142tijska (2) oraz arty\u015bci (27). Nie uczestniczyli w niej wystawcy z Polski i Litwy \u2013 jedynie Granit by\u0142 reprezentowany przez rosyjskiego przedstawiciela z ofert\u0105 zaopatrzeniow\u0105. Po raz pierwszy na targach pojawi\u0142a si\u0119 organizacja samorz\u0105du terenowego \u201eKr\u0105g Miast Bursztynowych\u201d pod przewodnictwem mera Jantarnego p. Blinowa oraz \u201eAlians Bursztynowy\u201d (rodzaj klastra z obszaru intensywnego wydobycia i przetw\u00f3rstwa bursztynu na zachodnim wybrze\u017cu Sambii \u2013 jeszcze nieliczny i o ma\u0142ym potencjale).<br \/> W por\u00f3wnaniu z ubieg\u0142ymi edycjami zmniejszy\u0142o si\u0119 zainteresowanie bran\u017cowej prasy rosyjskiej \u2013 nie by\u0142o przedstawicieli najwa\u017cniejszych redakcji: \u201eJuwielirnaja Rossija\u201d, \u201eJuwielirnoje Obozrenije\u201d (z Moskwy) i \u201eRusskij Juwielir\u201d z Petersburga. <\/p>\n<figure class=\"wp-block-image alignright\"><img decoding=\"async\" width=\"275\" height=\"350\" src=\"https:\/\/amber.com.pl\/wp-content\/uploads\/news\/37_2-f88.jpg\" alt=\"\" class=\"wp-image-12120\"\/><\/figure>\n<p> Kalinigradzki Kombinat Bursztynowy, g\u0142\u00f3wna firma wydobywcza, nie oferowa\u0142a na targach dostaw surowca. W przeddzie\u0144 otwarcia targ\u00f3w mia\u0142o doj\u015b\u0107 do jej kolejnego bankructwa, lecz federalne Ministerstwo Finans\u00f3w niespodzianie op\u0142aci\u0142o ca\u0142e zad\u0142u\u017cenie podatkowe w kwocie oko\u0142o 4 miliony euro i procedur\u0119 upad\u0142o\u015bci wstrzymano. Dalszy los firmy jest niepewny, bowiem poddano j\u0105 kompleksowej kontroli przez Federaln\u0105 S\u0142u\u017cb\u0119 Bezpiecze\u0144stwa. Wydobycie surowca w kopalni Primorskiej \u2013 wstrzymane od listopada 2006 \u2013 ma by\u0107 podj\u0119te wed\u0142ug optymistycznych za\u0142o\u017ce\u0144 w ko\u0144cu kwietnia (w ubieg\u0142ym roku eksploatacja trwa\u0142a zaledwie 3 miesi\u0105ce, od sierpnia do listopada, i wydobyto 133 tony wobec 210 ton w roku 2005 i 900 ton w roku 1997, najlepszym). Natomiast nie planuje si\u0119 w najbli\u017cszych latach podj\u0119cia wydobycia z innych ni\u017c Palmnike\u0144skie udokumentowanych z\u0142\u00f3\u017c na Sambii (wg relacji wiceministra Przemys\u0142u Obwodu Kalinigradzkiego FR Niko\u0142aja Muraszowa), chocia\u017c Agencja Rz\u0105dowa ds. Zasob\u00f3w Naturalnych \u201eRossniedra\u201d og\u0142asza\u0142a przetargi na podj\u0119cie eksploatacji p\u0142ytkiego z\u0142o\u017ca Niedwi\u017censkiego.<br \/> Kaliningradzki Kombinat Bursztynowy zaniecha\u0142 prasowania i suchej destylacji drobnego bursztynu. Oferta jubilerska sp\u00f3\u0142ki-c\u00f3rki kombinatu \u201eZAO Juwilerprom\u201d by\u0142a bardzo skromna, a ceny w tej wytw\u00f3rni wy\u017csze ni\u017c u s\u0105siaduj\u0105cych firm prywatnych.<br \/> Na targach nie by\u0142o w og\u00f3le kupc\u00f3w zagranicznych. Zapewne zniech\u0119ca ich niemo\u017cno\u015b\u0107 dokonania natychmiastowych zakup\u00f3w, bowiem transakcje musz\u0105 by\u0107 potwierdzone licencj\u0105 z Moskwy.<br \/> Regulamin targ\u00f3w dopuszcza sprzeda\u017c namiastek bursztynu z \u017cywic syntetycznych. Instytut Bursztynu i Zasob\u00f3w Regionalnych oferowa\u0142 wy\u0142\u0105cznie namiastki, prywatna firma Paw\u0142owa imitacje inkluzji w cenie 0,30 USD za gram. W wielu stoiskach wyroby bursztynowe by\u0142y wymieszane z imitacjami.<\/p>\n<p> Zdj\u0119cia: Wies\u0142aw Gier\u0142owski<\/p>","protected":false},"excerpt":{"rendered":"<p>W dniach 12-14.04.2007 w Kaliningradzie odby\u0142y si\u0119 po raz sz\u00f3sty targi Jantar Ba\u0142tiki, w kt\u00f3rych wzi\u0119li udzia\u0142 producenci z Kaliningradu, Jantarnego i okolic, z zamkni\u0119tego dla cudzoziemc\u00f3w Ba\u0142tijska oraz arty\u015bci.<\/p>","protected":false},"author":4,"featured_media":12119,"comment_status":"closed","ping_status":"closed","sticky":false,"template":"","format":"standard","meta":{"_acf_changed":false,"slim_seo":{"title":"Jantar Ba\u0142tiki 2007 - Amber Portal","description":"W dniach 12-14.04.2007 w Kaliningradzie odby\u0142y si\u0119 po raz sz\u00f3sty targi Jantar Ba\u0142tiki, w kt\u00f3rych wzi\u0119li udzia\u0142 producenci z Kaliningradu, Jantarnego i okolic, z"},"footnotes":""},"categories":[120],"tags":[],"sekcja":[],"class_list":["post-12121","post","type-post","status-publish","format-standard","has-post-thumbnail","hentry","category-targi"],"acf":[],"_links":{"self":[{"href":"https:\/\/amber.com.pl\/en\/wp-json\/wp\/v2\/posts\/12121","targetHints":{"allow":["GET"]}}],"collection":[{"href":"https:\/\/amber.com.pl\/en\/wp-json\/wp\/v2\/posts"}],"about":[{"href":"https:\/\/amber.com.pl\/en\/wp-json\/wp\/v2\/types\/post"}],"author":[{"embeddable":true,"href":"https:\/\/amber.com.pl\/en\/wp-json\/wp\/v2\/users\/4"}],"replies":[{"embeddable":true,"href":"https:\/\/amber.com.pl\/en\/wp-json\/wp\/v2\/comments?post=12121"}],"version-history":[{"count":0,"href":"https:\/\/amber.com.pl\/en\/wp-json\/wp\/v2\/posts\/12121\/revisions"}],"wp:featuredmedia":[{"embeddable":true,"href":"https:\/\/amber.com.pl\/en\/wp-json\/wp\/v2\/media\/12119"}],"wp:attachment":[{"href":"https:\/\/amber.com.pl\/en\/wp-json\/wp\/v2\/media?parent=12121"}],"wp:term":[{"taxonomy":"category","embeddable":true,"href":"https:\/\/amber.com.pl\/en\/wp-json\/wp\/v2\/categories?post=12121"},{"taxonomy":"post_tag","embeddable":true,"href":"https:\/\/amber.com.pl\/en\/wp-json\/wp\/v2\/tags?post=12121"},{"taxonomy":"sekcja","embeddable":true,"href":"https:\/\/amber.com.pl\/en\/wp-json\/wp\/v2\/sekcja?post=12121"}],"curies":[{"name":"wp","href":"https:\/\/api.w.org\/{rel}","templated":true}]}}