{"id":12112,"date":"2007-04-06T01:59:57","date_gmt":"2007-04-05T23:59:57","guid":{"rendered":"https:\/\/wp.amber.com.pl\/baselworld-2007\/"},"modified":"2025-12-07T18:47:52","modified_gmt":"2025-12-07T17:47:52","slug":"baselworld-2007","status":"publish","type":"post","link":"https:\/\/amber.com.pl\/en\/aktualnosci\/baselworld-2007\/","title":{"rendered":"BASELWORLD 2007"},"content":{"rendered":"<p><strong>12 kwietnia w Centrum Targowym w Bazylei rozpocznie si\u0119 35. edycja najwi\u0119kszych na \u015bwiecie Targ\u00f3w Zegark\u00f3w i Bi\u017cuterii BASELWORLD, kt\u00f3ra potrwa do 19 kwietnia. W tym roku organizatorzy spodziewaj\u0105 si\u0119 2.109 wystawc\u00f3w z 45 kraj\u00f3w oraz ponad 90.000 odwiedzaj\u0105cych. <\/strong><\/p>\n<p> Ubieg\u0142oroczna edycja targ\u00f3w zako\u0144czy\u0142a si\u0119 kolejnymi rekordami: na powierzchni netto 111.283 m2 (160.000 m2 brutto) sw\u0105 ofert\u0119 prezentowa\u0142o 2.127 wystawc\u00f3w z 45 kraj\u00f3w, a obejrza\u0142o j\u0105 94.200 odwiedzaj\u0105cych (+5% w por\u00f3wnaniu z rokiem 2005) ze 100 kraj\u00f3w. Ankieta przeprowadzona w\u015br\u00f3d tych ostatnich wykaza\u0142a wysoki poziom ich zadowolenia z imprezy i prezentowanej tam oferty: 96% pytanych okre\u015bli\u0142o BASELWORLD jako miejsce, gdzie po prostu trzeba by\u0107, a 97% z nich przyzna\u0142o imprezie oceny dobre, bardzo dobre i celuj\u0105ce. O 7,2% wzros\u0142a tak\u017ce liczba przedstawicieli medi\u00f3w obecnych na targach i wynios\u0142a 2.529 dziennikarzy. <br \/> Sukces BASELWORLD jest \u015bci\u015ble zwi\u0105zany z aktualnie dobr\u0105 sytuacj\u0105 bran\u017cy jubilerskiej i zegarmistrzowskiej w skali globalnej. Targi korzystaj\u0105 z trwaj\u0105cej ju\u017c prawie 3 lata dobrej passy zaistnia\u0142ej dzi\u0119ki rozbudzonemu apetytowi konsument\u00f3w na dobra luksusowe na ca\u0142ym \u015bwiecie, w tym oczywi\u015bcie tak\u017ce na presti\u017cowe marki zegark\u00f3w ze szwajcarskich manufaktur, stanowi\u0105ce podstaw\u0119 istnienia imprezy. Wzrost obrot\u00f3w szwajcarskiej bran\u017cy zegarmistrzowskiej utrzymuje si\u0119 na sta\u0142ym poziomie: +9,2% w 2004 roku, 11,5% w 2005 i 10,9% w 2006. Mo\u017cna si\u0119 wi\u0119c spodziewa\u0107, \u017ce kolejna, 35. ods\u0142ona BASELWORLD po raz kolejny potwierdzi wiod\u0105c\u0105 rol\u0119 imprezy oraz dobr\u0105 sytuacj\u0119 bran\u017cy. <\/p>\n<figure class=\"wp-block-image alignright\"><img decoding=\"async\" width=\"225\" height=\"150\" src=\"https:\/\/amber.com.pl\/wp-content\/uploads\/news\/32_1-ed1.jpg\" alt=\"\" class=\"wp-image-12111\"\/><\/figure>\n<p> Jak zapewnia organizator, r\u00f3wnie\u017c tym razem wszystkie renomowane marki zegarmistrzowskie i jubilerskie b\u0119d\u0105 obecne na BASELWORLD i \u2013 jak ka\u017ce d\u0142ugoletnia tradycja \u2013 w\u0142a\u015bnie tutaj zaprezentuj\u0105 ca\u0142emu \u015bwiatu swe najnowsze osi\u0105gni\u0119cia i rozwi\u0105zania techniczne oraz odpowiadaj\u0105ce aktualnym trendom wzornictwo. Wielu renomowanych producent\u00f3w wystawia si\u0119 tylko i wy\u0142\u0105cznie w Bazylei, wi\u0119c jest to jedyna mo\u017cliwo\u015b\u0107 zapoznania si\u0119 z ich najnowszymi propozycjami. Na powierzchni 160.000 m2 (brutto) w wielopoziomowych stoiskach prezentowane b\u0119d\u0105 zegarki, bi\u017cuteria, kamienie szlachetne oraz oferta poddostawc\u00f3w dla bran\u017cy. Tematyczny podzia\u0142 sze\u015bciu hal na: marki zegarkowe, jubilerskie, powi\u0105zane z bran\u017c\u0105 oraz pawilony narodowe gwarantuje przejrzysto\u015b\u0107 oferty. <br \/> W katalogu targ\u00f3w BASELWORLD 2007 pod has\u0142em \u201eBi\u017cuteria z bursztynem\u201d znajduje si\u0119 6 firm: z W\u0142och, Szwajcarii, Niemiec, Anglii i Hongkongu, ale pojedyncze egzemplarze bi\u017cuterii zdobionej bursztynem b\u0119dzie mo\u017cna odnale\u017a\u0107 tak\u017ce w ofercie innych wystawc\u00f3w.  <\/p>\n<p> <strong>BASELWORLD 2007 \u2013 \u015awiatowe Targi Zegark\u00f3w i Bi\u017cuterii<\/strong><br \/> Miejsce:\tCentrum Targowe w Bazylei (Szwajcaria)<br \/> Termin: \t12-19. kwietnia 2007 <br \/> Organizator: \tMCH Messe Schweiz (Basel) AG<br \/> Kontakt:\tobs\u0142uga odwiedzaj\u0105cych: tel. +41\/ 58 206 25 25, fax +41\/ 58 206 25 56<br \/> visitor@baselworld.com&nbsp; www.baselworld.com<\/p>","protected":false},"excerpt":{"rendered":"<p>12 kwietnia w Centrum Targowym w Bazylei rozpocznie si\u0119 35. edycja najwi\u0119kszych na \u015bwiecie Targ\u00f3w Zegark\u00f3w i Bi\u017cuterii BASELWORLD&#8230;<\/p>","protected":false},"author":4,"featured_media":12110,"comment_status":"closed","ping_status":"closed","sticky":false,"template":"","format":"standard","meta":{"_acf_changed":false,"slim_seo":{"title":"BASELWORLD 2007 - Amber Portal","description":"12 kwietnia w Centrum Targowym w Bazylei rozpocznie si\u0119 35. edycja najwi\u0119kszych na \u015bwiecie Targ\u00f3w Zegark\u00f3w i Bi\u017cuterii BASELWORLD..."},"footnotes":""},"categories":[120],"tags":[],"sekcja":[],"class_list":["post-12112","post","type-post","status-publish","format-standard","has-post-thumbnail","hentry","category-targi"],"acf":[],"_links":{"self":[{"href":"https:\/\/amber.com.pl\/en\/wp-json\/wp\/v2\/posts\/12112","targetHints":{"allow":["GET"]}}],"collection":[{"href":"https:\/\/amber.com.pl\/en\/wp-json\/wp\/v2\/posts"}],"about":[{"href":"https:\/\/amber.com.pl\/en\/wp-json\/wp\/v2\/types\/post"}],"author":[{"embeddable":true,"href":"https:\/\/amber.com.pl\/en\/wp-json\/wp\/v2\/users\/4"}],"replies":[{"embeddable":true,"href":"https:\/\/amber.com.pl\/en\/wp-json\/wp\/v2\/comments?post=12112"}],"version-history":[{"count":0,"href":"https:\/\/amber.com.pl\/en\/wp-json\/wp\/v2\/posts\/12112\/revisions"}],"wp:featuredmedia":[{"embeddable":true,"href":"https:\/\/amber.com.pl\/en\/wp-json\/wp\/v2\/media\/12110"}],"wp:attachment":[{"href":"https:\/\/amber.com.pl\/en\/wp-json\/wp\/v2\/media?parent=12112"}],"wp:term":[{"taxonomy":"category","embeddable":true,"href":"https:\/\/amber.com.pl\/en\/wp-json\/wp\/v2\/categories?post=12112"},{"taxonomy":"post_tag","embeddable":true,"href":"https:\/\/amber.com.pl\/en\/wp-json\/wp\/v2\/tags?post=12112"},{"taxonomy":"sekcja","embeddable":true,"href":"https:\/\/amber.com.pl\/en\/wp-json\/wp\/v2\/sekcja?post=12112"}],"curies":[{"name":"wp","href":"https:\/\/api.w.org\/{rel}","templated":true}]}}