{"id":12071,"date":"2007-03-26T15:42:12","date_gmt":"2007-03-26T13:42:12","guid":{"rendered":"https:\/\/wp.amber.com.pl\/amberif-2007-zakonczony\/"},"modified":"2025-12-07T18:47:52","modified_gmt":"2025-12-07T17:47:52","slug":"amberif-2007-zakonczony","status":"publish","type":"post","link":"https:\/\/amber.com.pl\/en\/aktualnosci\/amberif-2007-zakonczony\/","title":{"rendered":"Amberif 2007 zako\u0144czony"},"content":{"rendered":"<p><strong>Zako\u0144czy\u0142y si\u0119 14. Mi\u0119dzynarodowe Targi Bi\u017cuterii, Bursztynu i Kamieni Jubilerskich Amberif \u2013 najwi\u0119ksza na \u015bwiecie impreza po\u015bwi\u0119cona tematyce bursztynu. <\/strong><\/p>\n<p> <strong> Wystawcy i odwiedzaj\u0105cy<\/strong><br \/> W tegorocznych targach uczestniczy\u0142o 480 wystawc\u00f3w, w tym 71 zagranicznych z 14 kraj\u00f3w \u2013 spo\u015br\u00f3d nich najliczniej reprezentowane by\u0142y W\u0142ochy (43) i Litwa (12). Mi\u0119dzynarodowe Centrum Targowe boryka si\u0119 z podobnym problemem co swego czasu organizator targ\u00f3w Baselworld, a mianowicie niewystarczaj\u0105c\u0105 powierzchni\u0105 wystawiennicz\u0105. Jego rozwi\u0105zaniem ma by\u0107 planowana na wrzesie\u0144 br. nowa hala o powierzchni 3000 m2 (patrz: wywiad z Ew\u0105 Racho\u0144, komisarzem targ\u00f3w Amberif).<br \/> W ci\u0105gu pierwszych czterech dni Amberif odwiedzi\u0142o ok. 6.500 os\u00f3b z bran\u017cy z 40 kraj\u00f3w: przedstawicieli zak\u0142ad\u00f3w produkcyjnych, hurtowni, galerii i sklep\u00f3w jubilersko-zegarmistrzowskich, jak r\u00f3wnie\u017c plac\u00f3wek muzealnych i naukowych. Od pierwszego dnia imprezy w Hali Bursztynowej panowa\u0142 znaczny ruch i tak ju\u017c pozosta\u0142o do ko\u0144ca. Warto zaznaczy\u0107, \u017ce ostatni dzie\u0144 Amberifu jest tradycyjnie otwarty dla publiczno\u015bci niefachowej (obowi\u0105zuj\u0105 bilety wst\u0119pu, kt\u00f3rych sprzedano 2.600). <br \/> Generalnie atmosfera imprezy by\u0142a dobra, wystawcy i odwiedzaj\u0105cy s\u0105 zadowoleni z ilo\u015bci i jako\u015bci zawartych transakcji \u2013 dla wielu z nich by\u0142a to najlepsza z dotychczasowych edycja Amberifu. Niew\u0105tpliwie ogromny wp\u0142yw na ten stan rzeczy maj\u0105 wy\u017csze ni\u017c przewidywano obroty bran\u017cy jubilerskiej i zegarmistrzowskiej w 2006 roku odnotowane nie tylko w Polsce oraz optymistyczne przewidywania na rok 2007. Dobrych nastroj\u00f3w nie popsu\u0142 incydent z kradzie\u017c\u0105 diament\u00f3w o warto\u015bci 1,5 mln USD (za pomoc w uj\u0119ciu z\u0142odzieja Mi\u0119dzynarodowe Targi Gda\u0144skie wyznaczy\u0142y nagrod\u0119 w wysoko\u015bci 20.000 z\u0142). <br \/> Jeszcze nie wiadomo, jaki wp\u0142yw na ten sukces targ\u00f3w \u2013 liczony poziomem zadowolenia wystawc\u00f3w i kupc\u00f3w \u2013 mia\u0142a decyzja organizatora o wyd\u0142u\u017ceniu imprezy o jeden dzie\u0144. Wszyscy czekaj\u0105 na kolejn\u0105 wa\u017cn\u0105 decyzj\u0119, tym razem dotycz\u0105c\u0105 terminu przysz\u0142orocznego Amberifu \u2013 zostanie ona podj\u0119ta na podstawie wynik\u00f3w ankiety przeprowadzonej w\u015br\u00f3d wystawc\u00f3w i odwiedzaj\u0105cych tegoroczne targi. <\/p>\n<p> <strong>O wzornictwie bursztynowej bi\u017cuterii<\/strong><br \/> Wystawcy oferowali przede wszystkim bi\u017cuteri\u0119 z bursztynu ba\u0142tyckiego \u2013 jej gros niezmiennie stanowi\u0105 ozdoby oprawiane w srebro, jednak coraz silniej zaznacza si\u0119 trend na wyszukane oprawy z bardziej kosztownych materia\u0142\u00f3w, jak np. z\u0142oto czy diamenty, co zwi\u0119ksza ich atrakcyjno\u015b\u0107 oraz przyczynia si\u0119 do podniesienia presti\u017cu bursztynu jako kamienia ozdobnego. Jednym z najciekawszych pomys\u0142\u00f3w wzorniczych na targach by\u0142o zestawienie bursztynu z kolorow\u0105 we\u0142n\u0105 w wykonaniu znanej gda\u0144skiej artystki Pauliny Binek \u2013 nowatorstwo doceni\u0142o fachowe jury Konkursu Jubilerskiego Mercurius Gedanensis (<a href=\"https:\/\/amber.com.pl\/en\/konkurs-mercurius-gedanensis-2007\/\">wyniki Mercurius Gedanesis<\/a>) oraz publiczno\u015b\u0107 targowa. Tegoroczny Amberif \u2013 w przeciwie\u0144stwie do ubieg\u0142orocznego \u2013 nie obfitowa\u0142 w zbyt wiele nowo\u015bci, ale generalnie proponowane zar\u00f3wno przez firmy, jak i designer\u00f3w wzornictwo z roku na rok zyskuje na lekko\u015bci i pomys\u0142owo\u015bci. Nadal \u0142\u0105czy si\u0119 elementy bursztynowe z kamieniami kolorowymi: onyksami, turkusami, ametystami, cytrynami czy te\u017c kwarcami, dzi\u0119ki czemu naszyjniki czy bransoletki staj\u0105 si\u0119 radosne i pe\u0142ne \u017cycia. Ch\u0119tniej ni\u017c dotychczas stosuje si\u0119 tak\u017ce bursztyn naturalny w oprawach podkre\u015blaj\u0105cych jego pi\u0119kno i wykonanych przy minimalnej ingerencji w kamie\u0144. Wygl\u0105da na to, \u017ce praca w\u0142o\u017cona w propagowanie walor\u00f3w i w\u0142a\u015bciwo\u015bci naturalnego kamienia przynosi powoli efekty \u2013 wcze\u015bniej dostrzegli je arty\u015bci plastycy, a teraz ich \u015bladem pod\u0105\u017caj\u0105 tak\u017ce producenci. <\/p>\n<figure class=\"wp-block-image alignright\"><img decoding=\"async\" width=\"169\" height=\"204\" src=\"https:\/\/amber.com.pl\/wp-content\/uploads\/news\/amberif_2007_2-5d8.jpg\" alt=\"\" class=\"wp-image-12069\"\/><\/figure>\n<p> <strong>Seminaria<\/strong><br \/>  Targom towarzysz\u0105 liczne seminaria \u2013 du\u017cym zainteresowaniem cieszy\u0142y si\u0119 te na temat certyfikacji diament\u00f3w i identyfikacji wzrokowej syntetycznych kamieni jubilerskich zorganizowane przez Stowarzyszenie Rzeczoznawc\u00f3w Jubilerskich i Wysok\u0105 Rad\u0119 Diamentow\u0105. Liczn\u0105 publiczno\u015b\u0107 zgromadzi\u0142o seminarium \u201eTrendy w bi\u017cuterii 2008+\u201d prowadzone przez Paolo Novembri z grupy TJF. Pod patronatem Muzeum Ziemi PAN i Mi\u0119dzynarodowego Stowarzyszenia Bursztynnik\u00f3w odby\u0142o si\u0119 seminarium zatytu\u0142owane \u201eBursztyn ba\u0142tycki \u2013 geologia\u201d . Po raz kolejny w czasie Amberifu odby\u0142a si\u0119 tak\u017ce sesja naukowa \u201e<a href=\"http:\/\/amberif.mtgsa.pl\/x.php\/3,pl,3052\/Sesja-Zlotnicza-sprawozdanie.html\" target=\"_blank\" rel=\"noopener noreferrer nofollow\">Rzemios\u0142o artystyczne i wzornictwo w Polsce<\/a>\u201d przygotowana przez Oddzia\u0142 Toru\u0144ski Stowarzyszenia Historyk\u00f3w Sztuki . Targi w Gda\u0144sku s\u0105 okazj\u0105 do spotkania przedstawicieli wszystkich organizacji bran\u017cowych w Polsce na Forum Jubilerstwa Polskiego, kt\u00f3remu przewodniczy\u0142a <a href=\"https:\/\/amber.com.pl\/en\/krajowa-izba-gospodarcza-bursztynu\/\">Krajowa Izba Gospodarcza Bursztynu<\/a>.<\/p>\n<figure class=\"wp-block-image alignright\"><img decoding=\"async\" width=\"169\" height=\"238\" src=\"https:\/\/amber.com.pl\/wp-content\/uploads\/news\/amberif_2007_3-60e.jpg\" alt=\"\" class=\"wp-image-12070\"\/><\/figure>\n<p> <strong>Competitions<\/strong> <br \/>  Mi\u0119dzynarodowe Targi Gda\u0144skie SA od lat wspieraj\u0105 dzia\u0142ania niekomercyjne s\u0142u\u017c\u0105ce promocji bursztynu. S\u0105 one organizatorem Mi\u0119dzynarodowego Konkursu na Projekt Bi\u017cuterii z Bursztynem Amberif Design Award (wyniki: Amberif Design Award) oraz Konkursu Jubilerskiego Mercurius Gedanensis (<a href=\"https:\/\/amber.com.pl\/en\/konkurs-mercurius-gedanensis-2007\/\">wyniki: Mercurius Gedanesis<\/a>) . Ich wyniki \u2013 podobnie jak i Og\u00f3lnopolskiego Konkursu Z\u0142otnik\u00f3w i Jubiler\u00f3w \u201eBursztynowe Rzemios\u0142o\u201d, (<a href=\"https:\/\/amber.com.pl\/en\/konkurs-bursztynowe-rzemioslo-2007\/\">wyniki: Bursztynowe Rzemios\u0142o<\/a>) , organizowanego przez Komisj\u0119 Bran\u017cow\u0105 Z\u0142otnik\u00f3w i Jubiler\u00f3w Pomorskiej Izby Rzemie\u015blniczej Ma\u0142ych i \u015arednich Przedsi\u0119biorstw we wsp\u00f3\u0142pracy z Mi\u0119dzynarodowymi Targami Gda\u0144skimi SA. \u2013 zosta\u0142y og\u0142oszone w czasie uroczystej Gali Bi\u017cuterii i Mody. Przy tej okazji na scenie pojawili si\u0119 te\u017c zwyci\u0119zcy konkursu organizowanego przez redakcj\u0119 magazynu bran\u017cowego \u201ePolski Jubiler\u201d Amberif Stand Award: Monika &amp; Co. z Wo\u0142omina i Kim-Art z Warszawy. Ogromn\u0105 warto\u015b\u0107 dla nagrodzonych ma przyznawana przez student\u00f3w Akademii Sztuk Pi\u0119knych w \u0141odzi \u201eBursztynowa Kula\u201d, kt\u00f3ra w tym roku pow\u0119drowa\u0142a do firmy Art 7 Wojciech Kalandyk z Gda\u0144ska.<\/p>","protected":false},"excerpt":{"rendered":"<p>Zako\u0144czy\u0142y si\u0119 14. Mi\u0119dzynarodowe Targi Bi\u017cuterii, Bursztynu i Kamieni Jubilerskich Amberif &#8211; najwi\u0119ksza na \u015bwiecie impreza po\u015bwi\u0119cona tematyce bursztynu.<\/p>","protected":false},"author":4,"featured_media":12068,"comment_status":"closed","ping_status":"closed","sticky":false,"template":"","format":"standard","meta":{"_acf_changed":false,"slim_seo":{"title":"Amberif 2007 zako\u0144czony - Amber Portal","description":"Zako\u0144czy\u0142y si\u0119 14. Mi\u0119dzynarodowe Targi Bi\u017cuterii, Bursztynu i Kamieni Jubilerskich Amberif - najwi\u0119ksza na \u015bwiecie impreza po\u015bwi\u0119cona tematyce bursztynu."},"footnotes":""},"categories":[120],"tags":[],"sekcja":[],"class_list":["post-12071","post","type-post","status-publish","format-standard","has-post-thumbnail","hentry","category-targi"],"acf":[],"_links":{"self":[{"href":"https:\/\/amber.com.pl\/en\/wp-json\/wp\/v2\/posts\/12071","targetHints":{"allow":["GET"]}}],"collection":[{"href":"https:\/\/amber.com.pl\/en\/wp-json\/wp\/v2\/posts"}],"about":[{"href":"https:\/\/amber.com.pl\/en\/wp-json\/wp\/v2\/types\/post"}],"author":[{"embeddable":true,"href":"https:\/\/amber.com.pl\/en\/wp-json\/wp\/v2\/users\/4"}],"replies":[{"embeddable":true,"href":"https:\/\/amber.com.pl\/en\/wp-json\/wp\/v2\/comments?post=12071"}],"version-history":[{"count":0,"href":"https:\/\/amber.com.pl\/en\/wp-json\/wp\/v2\/posts\/12071\/revisions"}],"wp:featuredmedia":[{"embeddable":true,"href":"https:\/\/amber.com.pl\/en\/wp-json\/wp\/v2\/media\/12068"}],"wp:attachment":[{"href":"https:\/\/amber.com.pl\/en\/wp-json\/wp\/v2\/media?parent=12071"}],"wp:term":[{"taxonomy":"category","embeddable":true,"href":"https:\/\/amber.com.pl\/en\/wp-json\/wp\/v2\/categories?post=12071"},{"taxonomy":"post_tag","embeddable":true,"href":"https:\/\/amber.com.pl\/en\/wp-json\/wp\/v2\/tags?post=12071"},{"taxonomy":"sekcja","embeddable":true,"href":"https:\/\/amber.com.pl\/en\/wp-json\/wp\/v2\/sekcja?post=12071"}],"curies":[{"name":"wp","href":"https:\/\/api.w.org\/{rel}","templated":true}]}}