{"id":12056,"date":"2007-03-13T11:21:44","date_gmt":"2007-03-13T10:21:44","guid":{"rendered":"https:\/\/wp.amber.com.pl\/amber-trip-2007\/"},"modified":"2025-12-07T18:47:53","modified_gmt":"2025-12-07T17:47:53","slug":"amber-trip-2007","status":"publish","type":"post","link":"https:\/\/amber.com.pl\/en\/aktualnosci\/amber-trip-2007\/","title":{"rendered":"Amber Trip 2007"},"content":{"rendered":"<p><strong>Mi\u0119dzynarodowe Ba\u0142tyckie Targi Jubilerskie Amber Trip odby\u0142y si\u0119 w Wilnie po raz czwarty.<\/strong>  Organizatorzy targ\u00f3w, kt\u00f3rzy ju\u017c na pierwszej imprezie deklarowali, \u017ce ich celem jest stworzenie najwa\u017cniejszej imprezy w bran\u017cy jubilerskiej w regionie ba\u0142tyckim, zapraszaj\u0105 litewskich i zagranicznych dostawc\u00f3w wyrob\u00f3w jubilerskich i bursztynowych do wystawiania swojej oferty. Podczas pierwszych imprez starano si\u0119 zaprezentowa\u0107 sztuk\u0119 jubilersk\u0105 w szerszym kontek\u015bcie, nie ograniczaj\u0105c si\u0119 wy\u0142\u0105cznie do sfery komercyjnej. Odwiedzaj\u0105cy, poza cz\u0119\u015bci\u0105 komercyjn\u0105, mogli zapozna\u0107 si\u0119 ze z\u0142otnictwem artystycznym oraz podziwia\u0107 prace tw\u00f3rc\u00f3w z Estonii, Francji, Grecji, Holandii, Litwy i Niemiec. <br \/>\nJednak targi Amber Trip 2007 wyr\u00f3\u017cni\u0142y si\u0119 wybitnie komercyjnym charakterem. W\u015br\u00f3d tegorocznych wystawc\u00f3w zabrak\u0142o niekomercyjnych tw\u00f3rc\u00f3w bi\u017cuterii oraz oryginalnych wyrob\u00f3w designerskich. Podczas pokazu mody, odbywaj\u0105cego si\u0119 ju\u017c po raz trzeci, mo\u017cna by\u0142o zapozna\u0107 si\u0119 z pracami autor\u00f3w z Kazachstanu, Litwy, \u0141otwy i Polski, jednak wi\u0119kszo\u015b\u0107 kolekcji nie wyr\u00f3\u017cnia\u0142a si\u0119 niczym specjalnym. Niew\u0105tpliwymi gwiazdami zosta\u0142y m\u0142ode litewskie artystki Egl\u0117 \u010c\u0117jauskait\u0117 i Jurgita Erminait\u0117, kt\u00f3re stworzy\u0142y wsp\u00f3ln\u0105 kolekcj\u0119 \u201eEtiudai\u201d (Etiudy) z projektantkami mody Jolant\u0105 Rimkute oraz Iev\u0105 \u0160eviakovaite. <\/p>\n<p>Liczba wystawc\u00f3w: 160. Kraje pochodzenia wystawc\u00f3w: Litwa, \u0141otwa, Turcja, Grecja, USA, Rosja, Ukraina, W\u0142ochy, Niemcy, Izrael, Hiszpania, Indie, Kazachstan.<\/p>\n<p><em>Autorka jest korespondentk\u0105 portalu <strong>amber.com.pl <\/strong>na Litwie<\/em><\/p>","protected":false},"excerpt":{"rendered":"<p>Mi\u0119dzynarodowe Ba\u0142tyckie Targi Jubilerskie Amber Trip odby\u0142y si\u0119 w Wilnie po raz czwarty. Celem organizator\u00f3w jest stworzenie najwa\u017cniejszej imprezy w bran\u017cy jubilerskiej w regionie ba\u0142tyckim.<\/p>","protected":false},"author":1,"featured_media":0,"comment_status":"closed","ping_status":"closed","sticky":false,"template":"","format":"standard","meta":{"_acf_changed":false,"slim_seo":{"title":"Amber Trip 2007 - Amber Portal","description":"Mi\u0119dzynarodowe Ba\u0142tyckie Targi Jubilerskie Amber Trip odby\u0142y si\u0119 w Wilnie po raz czwarty. Celem organizator\u00f3w jest stworzenie najwa\u017cniejszej imprezy w bran\u017cy ju"},"footnotes":""},"categories":[120],"tags":[],"sekcja":[],"class_list":["post-12056","post","type-post","status-publish","format-standard","hentry","category-targi"],"acf":[],"_links":{"self":[{"href":"https:\/\/amber.com.pl\/en\/wp-json\/wp\/v2\/posts\/12056","targetHints":{"allow":["GET"]}}],"collection":[{"href":"https:\/\/amber.com.pl\/en\/wp-json\/wp\/v2\/posts"}],"about":[{"href":"https:\/\/amber.com.pl\/en\/wp-json\/wp\/v2\/types\/post"}],"author":[{"embeddable":true,"href":"https:\/\/amber.com.pl\/en\/wp-json\/wp\/v2\/users\/1"}],"replies":[{"embeddable":true,"href":"https:\/\/amber.com.pl\/en\/wp-json\/wp\/v2\/comments?post=12056"}],"version-history":[{"count":0,"href":"https:\/\/amber.com.pl\/en\/wp-json\/wp\/v2\/posts\/12056\/revisions"}],"wp:attachment":[{"href":"https:\/\/amber.com.pl\/en\/wp-json\/wp\/v2\/media?parent=12056"}],"wp:term":[{"taxonomy":"category","embeddable":true,"href":"https:\/\/amber.com.pl\/en\/wp-json\/wp\/v2\/categories?post=12056"},{"taxonomy":"post_tag","embeddable":true,"href":"https:\/\/amber.com.pl\/en\/wp-json\/wp\/v2\/tags?post=12056"},{"taxonomy":"sekcja","embeddable":true,"href":"https:\/\/amber.com.pl\/en\/wp-json\/wp\/v2\/sekcja?post=12056"}],"curies":[{"name":"wp","href":"https:\/\/api.w.org\/{rel}","templated":true}]}}